{"id":12346,"date":"2019-03-28T15:44:20","date_gmt":"2019-03-28T18:44:20","guid":{"rendered":"http:\/\/www.ifbaiano.edu.br\/unidades\/lapa\/?p=12346"},"modified":"2019-03-28T15:52:05","modified_gmt":"2019-03-28T18:52:05","slug":"resultados-das-etapas-1-e-2-dias-e-os-horarios-da-etapa-3-entrevistas-e-nota-informativa-para-a-entrega-de-documentacao","status":"publish","type":"post","link":"https:\/\/www.ifbaiano.edu.br\/unidades\/lapa\/2019\/03\/28\/resultados-das-etapas-1-e-2-dias-e-os-horarios-da-etapa-3-entrevistas-e-nota-informativa-para-a-entrega-de-documentacao\/","title":{"rendered":"Resultados das Etapas 1 e 2, Dias e Hor\u00e1rios da Etapa 3 (Entrevistas) e Nota Informativa para a Entrega de Documenta\u00e7\u00e3o &#8211; Educa\u00e7\u00e3o do Campo"},"content":{"rendered":"<p style=\"text-align: justify\">Segue links para resultado da 1\u00aa e 2\u00aa etapas da sele\u00e7\u00e3o da Especializa\u00e7\u00e3o em Educa\u00e7\u00e3o do Campo, datas e hor\u00e1rios de entrevista e nota informativa para entrega de documenta\u00e7\u00e3o.<\/p>\n<p style=\"text-align: justify\"><a href=\"http:\/\/www.ifbaiano.edu.br\/unidades\/lapa\/files\/2016\/07\/RESULTADO_DA_1a_e_2a_-ETAPAS-EDUCACAO_DO_CAMPO.pdf\">RESULTADO DA 1\u00aa e 2\u00aa ETAPAS &#8211; EDUCA\u00c7\u00c3O DO CAMPO<\/a><\/p>\n<p style=\"text-align: justify\"><a href=\"http:\/\/www.ifbaiano.edu.br\/unidades\/lapa\/files\/2016\/07\/DIA_E_HORARIO_ENTREVISTA-EDUCACAO_DO_CAMPO.pdf\">DIAS E HOR\u00c1RIOS DE ENTREVISTAS &#8211; EDUCA\u00c7\u00c3O DO CAMPO<\/a><\/p>\n<p style=\"text-align: justify\"><a href=\"http:\/\/www.ifbaiano.edu.br\/unidades\/lapa\/files\/2016\/07\/DIA_E_HORARIO_ENTREVISTA-EDUCACAO_DO_CAMPO.pdf\">DIAS E HOR\u00c1RIOS DE ENTREVISTAS &#8211; EDUCA\u00c7\u00c3O DO CAMPO<\/a><\/p>\n<p>Fonte: Comiss\u00e3o do Processo Seletivo<\/p>\n","protected":false},"excerpt":{"rendered":"<p>Segue links para resultado da 1\u00aa e 2\u00aa etapas da sele\u00e7\u00e3o da Especializa\u00e7\u00e3o em Educa\u00e7\u00e3o do Campo, datas e hor\u00e1rios de entrevista e nota informativa para entrega de documenta\u00e7\u00e3o. RESULTADO DA 1\u00aa e 2\u00aa ETAPAS &#8211; EDUCA\u00c7\u00c3O DO CAMPO DIAS E HOR\u00c1RIOS DE ENTREVISTAS &#8211; EDUCA\u00c7\u00c3O DO CAMPO DIAS E HOR\u00c1RIOS DE ENTREVISTAS &#8211; EDUCA\u00c7\u00c3O [&hellip;]<\/p>\n","protected":false},"author":100,"featured_media":0,"comment_status":"open","ping_status":"open","sticky":false,"template":"","format":"standard","meta":[],"categories":[34,64,24,73,65],"tags":[],"_links":{"self":[{"href":"https:\/\/www.ifbaiano.edu.br\/unidades\/lapa\/wp-json\/wp\/v2\/posts\/12346"}],"collection":[{"href":"https:\/\/www.ifbaiano.edu.br\/unidades\/lapa\/wp-json\/wp\/v2\/posts"}],"about":[{"href":"https:\/\/www.ifbaiano.edu.br\/unidades\/lapa\/wp-json\/wp\/v2\/types\/post"}],"author":[{"embeddable":true,"href":"https:\/\/www.ifbaiano.edu.br\/unidades\/lapa\/wp-json\/wp\/v2\/users\/100"}],"replies":[{"embeddable":true,"href":"https:\/\/www.ifbaiano.edu.br\/unidades\/lapa\/wp-json\/wp\/v2\/comments?post=12346"}],"version-history":[{"count":12,"href":"https:\/\/www.ifbaiano.edu.br\/unidades\/lapa\/wp-json\/wp\/v2\/posts\/12346\/revisions"}],"predecessor-version":[{"id":12368,"href":"https:\/\/www.ifbaiano.edu.br\/unidades\/lapa\/wp-json\/wp\/v2\/posts\/12346\/revisions\/12368"}],"wp:attachment":[{"href":"https:\/\/www.ifbaiano.edu.br\/unidades\/lapa\/wp-json\/wp\/v2\/media?parent=12346"}],"wp:term":[{"taxonomy":"category","embeddable":true,"href":"https:\/\/www.ifbaiano.edu.br\/unidades\/lapa\/wp-json\/wp\/v2\/categories?post=12346"},{"taxonomy":"post_tag","embeddable":true,"href":"https:\/\/www.ifbaiano.edu.br\/unidades\/lapa\/wp-json\/wp\/v2\/tags?post=12346"}],"curies":[{"name":"wp","href":"https:\/\/api.w.org\/{rel}","templated":true}]}}