{"id":12371,"date":"2019-03-28T16:15:04","date_gmt":"2019-03-28T19:15:04","guid":{"rendered":"http:\/\/www.ifbaiano.edu.br\/unidades\/lapa\/?p=12371"},"modified":"2019-03-28T16:15:04","modified_gmt":"2019-03-28T19:15:04","slug":"segunda-chamada-de-matricula-pos-em-educacao-matematica","status":"publish","type":"post","link":"https:\/\/www.ifbaiano.edu.br\/unidades\/lapa\/2019\/03\/28\/segunda-chamada-de-matricula-pos-em-educacao-matematica\/","title":{"rendered":"Segunda chamada de matr\u00edcula &#8211; P\u00f3s em Educa\u00e7\u00e3o Matem\u00e1tica"},"content":{"rendered":"<p><a href=\"http:\/\/www.ifbaiano.edu.br\/unidades\/lapa\/files\/2016\/07\/Segunda-chamada-de-matriculas-Educacao-matematica.pdf\" target=\"_blank\">Segunda Chamada de Matr\u00edculas (Educa\u00e7\u00e3o Matem\u00e1tica)<\/a><\/p>\n","protected":false},"excerpt":{"rendered":"<p>Segunda Chamada de Matr\u00edculas (Educa\u00e7\u00e3o Matem\u00e1tica)<\/p>\n","protected":false},"author":100,"featured_media":0,"comment_status":"open","ping_status":"open","sticky":false,"template":"","format":"standard","meta":[],"categories":[64,24,73,65],"tags":[],"_links":{"self":[{"href":"https:\/\/www.ifbaiano.edu.br\/unidades\/lapa\/wp-json\/wp\/v2\/posts\/12371"}],"collection":[{"href":"https:\/\/www.ifbaiano.edu.br\/unidades\/lapa\/wp-json\/wp\/v2\/posts"}],"about":[{"href":"https:\/\/www.ifbaiano.edu.br\/unidades\/lapa\/wp-json\/wp\/v2\/types\/post"}],"author":[{"embeddable":true,"href":"https:\/\/www.ifbaiano.edu.br\/unidades\/lapa\/wp-json\/wp\/v2\/users\/100"}],"replies":[{"embeddable":true,"href":"https:\/\/www.ifbaiano.edu.br\/unidades\/lapa\/wp-json\/wp\/v2\/comments?post=12371"}],"version-history":[{"count":1,"href":"https:\/\/www.ifbaiano.edu.br\/unidades\/lapa\/wp-json\/wp\/v2\/posts\/12371\/revisions"}],"predecessor-version":[{"id":12372,"href":"https:\/\/www.ifbaiano.edu.br\/unidades\/lapa\/wp-json\/wp\/v2\/posts\/12371\/revisions\/12372"}],"wp:attachment":[{"href":"https:\/\/www.ifbaiano.edu.br\/unidades\/lapa\/wp-json\/wp\/v2\/media?parent=12371"}],"wp:term":[{"taxonomy":"category","embeddable":true,"href":"https:\/\/www.ifbaiano.edu.br\/unidades\/lapa\/wp-json\/wp\/v2\/categories?post=12371"},{"taxonomy":"post_tag","embeddable":true,"href":"https:\/\/www.ifbaiano.edu.br\/unidades\/lapa\/wp-json\/wp\/v2\/tags?post=12371"}],"curies":[{"name":"wp","href":"https:\/\/api.w.org\/{rel}","templated":true}]}}