{"id":12402,"date":"2019-04-02T10:11:33","date_gmt":"2019-04-02T13:11:33","guid":{"rendered":"http:\/\/www.ifbaiano.edu.br\/unidades\/lapa\/?p=12402"},"modified":"2019-04-02T10:29:48","modified_gmt":"2019-04-02T13:29:48","slug":"convite-aula-inaugural-pos-graduacao-em-educacao-matematica","status":"publish","type":"post","link":"https:\/\/www.ifbaiano.edu.br\/unidades\/lapa\/2019\/04\/02\/convite-aula-inaugural-pos-graduacao-em-educacao-matematica\/","title":{"rendered":"Convite: Aula Inaugural P\u00f3s-Gradua\u00e7\u00e3o em Educa\u00e7\u00e3o Matem\u00e1tica"},"content":{"rendered":"<p style=\"text-align: justify\">A Dire\u00e7\u00e3o Geral do Instituto Federal Baiano <em>Campus<\/em> Bom Jesus da Lapa convida a comunidade acad\u00eamica e local para participar da aula inaugural da Especializa\u00e7\u00e3o em Educa\u00e7\u00e3o Matem\u00e1tica, conforme programa\u00e7\u00e3o a seguir.<\/p>\n<p style=\"text-align: justify\"><img decoding=\"async\" loading=\"lazy\" class=\"alignnone size-full wp-image-12403\" src=\"http:\/\/www.ifbaiano.edu.br\/unidades\/lapa\/files\/2019\/04\/Convite-aula-inaugural-Educacao-Matematica-2019.png\" alt=\"Convite aula inaugural - Educa\u00e7\u00e3o Matem\u00e1tica 2019\" width=\"798\" height=\"599\" \/><\/p>\n","protected":false},"excerpt":{"rendered":"<p>A Dire\u00e7\u00e3o Geral do Instituto Federal Baiano Campus Bom Jesus da Lapa convida a comunidade acad\u00eamica e local para participar da aula inaugural da Especializa\u00e7\u00e3o em Educa\u00e7\u00e3o Matem\u00e1tica, conforme programa\u00e7\u00e3o a seguir.<\/p>\n","protected":false},"author":100,"featured_media":12403,"comment_status":"open","ping_status":"open","sticky":false,"template":"","format":"standard","meta":[],"categories":[64,24,65],"tags":[],"_links":{"self":[{"href":"https:\/\/www.ifbaiano.edu.br\/unidades\/lapa\/wp-json\/wp\/v2\/posts\/12402"}],"collection":[{"href":"https:\/\/www.ifbaiano.edu.br\/unidades\/lapa\/wp-json\/wp\/v2\/posts"}],"about":[{"href":"https:\/\/www.ifbaiano.edu.br\/unidades\/lapa\/wp-json\/wp\/v2\/types\/post"}],"author":[{"embeddable":true,"href":"https:\/\/www.ifbaiano.edu.br\/unidades\/lapa\/wp-json\/wp\/v2\/users\/100"}],"replies":[{"embeddable":true,"href":"https:\/\/www.ifbaiano.edu.br\/unidades\/lapa\/wp-json\/wp\/v2\/comments?post=12402"}],"version-history":[{"count":2,"href":"https:\/\/www.ifbaiano.edu.br\/unidades\/lapa\/wp-json\/wp\/v2\/posts\/12402\/revisions"}],"predecessor-version":[{"id":12405,"href":"https:\/\/www.ifbaiano.edu.br\/unidades\/lapa\/wp-json\/wp\/v2\/posts\/12402\/revisions\/12405"}],"wp:featuredmedia":[{"embeddable":true,"href":"https:\/\/www.ifbaiano.edu.br\/unidades\/lapa\/wp-json\/wp\/v2\/media\/12403"}],"wp:attachment":[{"href":"https:\/\/www.ifbaiano.edu.br\/unidades\/lapa\/wp-json\/wp\/v2\/media?parent=12402"}],"wp:term":[{"taxonomy":"category","embeddable":true,"href":"https:\/\/www.ifbaiano.edu.br\/unidades\/lapa\/wp-json\/wp\/v2\/categories?post=12402"},{"taxonomy":"post_tag","embeddable":true,"href":"https:\/\/www.ifbaiano.edu.br\/unidades\/lapa\/wp-json\/wp\/v2\/tags?post=12402"}],"curies":[{"name":"wp","href":"https:\/\/api.w.org\/{rel}","templated":true}]}}