{"id":12406,"date":"2019-04-02T11:29:08","date_gmt":"2019-04-02T14:29:08","guid":{"rendered":"http:\/\/www.ifbaiano.edu.br\/unidades\/lapa\/?p=12406"},"modified":"2019-04-02T11:33:20","modified_gmt":"2019-04-02T14:33:20","slug":"integrantes-do-napne-e-do-neabi-campus-bom-jesus-da-lapa-participaram-da-palestra-sobre-diversidade","status":"publish","type":"post","link":"https:\/\/www.ifbaiano.edu.br\/unidades\/lapa\/2019\/04\/02\/integrantes-do-napne-e-do-neabi-campus-bom-jesus-da-lapa-participaram-da-palestra-sobre-diversidade\/","title":{"rendered":"Integrantes do NAPNE e do NEABI &#8211; Campus Bom Jesus da Lapa, participaram da palestra sobre diversidade"},"content":{"rendered":"<p style=\"text-align: justify\">No \u00faltimo dia 29 de mar\u00e7o de 2019, os servidores Wilson Neto, Luciana Teixeira, Adevan\u00facia Nere, Valdineia Antunes, Luciana Viana e Janine Couto, integrantes do NAPNE e do NEABI &#8211; Campus Bom Jesus da Lapa, participaram da palestra &#8220;Universidade e Diversidade em tempos de retrocessos&#8221; proferida pela Professora Nilma Lino Gomes (UFMG), ex ministra-chefe da Secretaria de Pol\u00edticas de Promo\u00e7\u00e3o da Igualdade Racial da Rep\u00fablica.<br \/>\nLuciana Teixeira, int\u00e9rprete de Libras do <em>Campus<\/em> Lapa, acredita que &#8220;eventos desta natureza s\u00e3o importantes para a forma\u00e7\u00e3o dos servidores, pois, abordam temas extremamente atuais e colaboram para o desenvolvimento de suas atribui\u00e7\u00f5es&#8221;.<br \/>\nO evento foi realizado no audit\u00f3rio Glauber Rocha da UESB &#8211; Vit\u00f3ria da Conquista e \u00e9 mais uma das a\u00e7\u00f5es do Programa de Mestrado em Educa\u00e7\u00e3o da Universidade &#8211; PPGED.<\/p>\n<p>Fonte: NAPNE e NEABI<br \/>\n<img decoding=\"async\" loading=\"lazy\" class=\"alignnone size-full wp-image-12409\" src=\"http:\/\/www.ifbaiano.edu.br\/unidades\/lapa\/files\/2019\/04\/Palestra_diversidade_3.jpeg\" alt=\"Palestra sobre diversidade\" width=\"1280\" height=\"960\" \/><br \/>\n<img decoding=\"async\" loading=\"lazy\" class=\"alignnone size-full wp-image-12408\" src=\"http:\/\/www.ifbaiano.edu.br\/unidades\/lapa\/files\/2019\/04\/Palestra_diversidade_2.jpeg\" alt=\"Palestra sobre diversidade\" width=\"1040\" height=\"780\" \/><br \/>\n<img decoding=\"async\" loading=\"lazy\" class=\"alignnone size-full wp-image-12407\" src=\"http:\/\/www.ifbaiano.edu.br\/unidades\/lapa\/files\/2019\/04\/Palestra_diversidade_1.jpeg\" alt=\"Palestra sobre diversidade\" width=\"988\" height=\"1280\" \/><\/p>\n","protected":false},"excerpt":{"rendered":"<p>No \u00faltimo dia 29 de mar\u00e7o de 2019, os servidores Wilson Neto, Luciana Teixeira, Adevan\u00facia Nere, Valdineia Antunes, Luciana Viana e Janine Couto, integrantes do NAPNE e do NEABI &#8211; Campus Bom Jesus da Lapa, participaram da palestra &#8220;Universidade e Diversidade em tempos de retrocessos&#8221; proferida pela Professora Nilma Lino Gomes (UFMG), ex ministra-chefe da [&hellip;]<\/p>\n","protected":false},"author":100,"featured_media":12408,"comment_status":"open","ping_status":"open","sticky":false,"template":"","format":"standard","meta":[],"categories":[64,24,65],"tags":[],"_links":{"self":[{"href":"https:\/\/www.ifbaiano.edu.br\/unidades\/lapa\/wp-json\/wp\/v2\/posts\/12406"}],"collection":[{"href":"https:\/\/www.ifbaiano.edu.br\/unidades\/lapa\/wp-json\/wp\/v2\/posts"}],"about":[{"href":"https:\/\/www.ifbaiano.edu.br\/unidades\/lapa\/wp-json\/wp\/v2\/types\/post"}],"author":[{"embeddable":true,"href":"https:\/\/www.ifbaiano.edu.br\/unidades\/lapa\/wp-json\/wp\/v2\/users\/100"}],"replies":[{"embeddable":true,"href":"https:\/\/www.ifbaiano.edu.br\/unidades\/lapa\/wp-json\/wp\/v2\/comments?post=12406"}],"version-history":[{"count":8,"href":"https:\/\/www.ifbaiano.edu.br\/unidades\/lapa\/wp-json\/wp\/v2\/posts\/12406\/revisions"}],"predecessor-version":[{"id":12417,"href":"https:\/\/www.ifbaiano.edu.br\/unidades\/lapa\/wp-json\/wp\/v2\/posts\/12406\/revisions\/12417"}],"wp:featuredmedia":[{"embeddable":true,"href":"https:\/\/www.ifbaiano.edu.br\/unidades\/lapa\/wp-json\/wp\/v2\/media\/12408"}],"wp:attachment":[{"href":"https:\/\/www.ifbaiano.edu.br\/unidades\/lapa\/wp-json\/wp\/v2\/media?parent=12406"}],"wp:term":[{"taxonomy":"category","embeddable":true,"href":"https:\/\/www.ifbaiano.edu.br\/unidades\/lapa\/wp-json\/wp\/v2\/categories?post=12406"},{"taxonomy":"post_tag","embeddable":true,"href":"https:\/\/www.ifbaiano.edu.br\/unidades\/lapa\/wp-json\/wp\/v2\/tags?post=12406"}],"curies":[{"name":"wp","href":"https:\/\/api.w.org\/{rel}","templated":true}]}}