{"id":12450,"date":"2019-04-04T13:36:48","date_gmt":"2019-04-04T16:36:48","guid":{"rendered":"http:\/\/www.ifbaiano.edu.br\/unidades\/lapa\/?p=12450"},"modified":"2019-04-04T13:37:30","modified_gmt":"2019-04-04T16:37:30","slug":"terceira-chamada-de-matricula-pos-graduacao-em-educacao-matematica","status":"publish","type":"post","link":"https:\/\/www.ifbaiano.edu.br\/unidades\/lapa\/2019\/04\/04\/terceira-chamada-de-matricula-pos-graduacao-em-educacao-matematica\/","title":{"rendered":"Terceira chamada de matr\u00edcula P\u00f3s-gradua\u00e7\u00e3o em Educa\u00e7\u00e3o Matem\u00e1tica"},"content":{"rendered":"<p><a href=\"http:\/\/www.ifbaiano.edu.br\/unidades\/lapa\/files\/2019\/04\/Terceira-chamada_de_matriculas.pdf\" target=\"_blank\" rel=\"noopener noreferrer\">Terceira chamada de matr\u00edcula (Educa\u00e7\u00e3o Matem\u00e1tica)<\/a><\/p>\n","protected":false},"excerpt":{"rendered":"<p>Terceira chamada de matr\u00edcula (Educa\u00e7\u00e3o Matem\u00e1tica)<\/p>\n","protected":false},"author":100,"featured_media":0,"comment_status":"open","ping_status":"open","sticky":false,"template":"","format":"standard","meta":[],"categories":[34,64,71,24,1,65],"tags":[],"_links":{"self":[{"href":"https:\/\/www.ifbaiano.edu.br\/unidades\/lapa\/wp-json\/wp\/v2\/posts\/12450"}],"collection":[{"href":"https:\/\/www.ifbaiano.edu.br\/unidades\/lapa\/wp-json\/wp\/v2\/posts"}],"about":[{"href":"https:\/\/www.ifbaiano.edu.br\/unidades\/lapa\/wp-json\/wp\/v2\/types\/post"}],"author":[{"embeddable":true,"href":"https:\/\/www.ifbaiano.edu.br\/unidades\/lapa\/wp-json\/wp\/v2\/users\/100"}],"replies":[{"embeddable":true,"href":"https:\/\/www.ifbaiano.edu.br\/unidades\/lapa\/wp-json\/wp\/v2\/comments?post=12450"}],"version-history":[{"count":2,"href":"https:\/\/www.ifbaiano.edu.br\/unidades\/lapa\/wp-json\/wp\/v2\/posts\/12450\/revisions"}],"predecessor-version":[{"id":12452,"href":"https:\/\/www.ifbaiano.edu.br\/unidades\/lapa\/wp-json\/wp\/v2\/posts\/12450\/revisions\/12452"}],"wp:attachment":[{"href":"https:\/\/www.ifbaiano.edu.br\/unidades\/lapa\/wp-json\/wp\/v2\/media?parent=12450"}],"wp:term":[{"taxonomy":"category","embeddable":true,"href":"https:\/\/www.ifbaiano.edu.br\/unidades\/lapa\/wp-json\/wp\/v2\/categories?post=12450"},{"taxonomy":"post_tag","embeddable":true,"href":"https:\/\/www.ifbaiano.edu.br\/unidades\/lapa\/wp-json\/wp\/v2\/tags?post=12450"}],"curies":[{"name":"wp","href":"https:\/\/api.w.org\/{rel}","templated":true}]}}