{"id":12464,"date":"2019-04-05T10:43:20","date_gmt":"2019-04-05T13:43:20","guid":{"rendered":"http:\/\/www.ifbaiano.edu.br\/unidades\/lapa\/?p=12464"},"modified":"2019-04-05T10:43:20","modified_gmt":"2019-04-05T13:43:20","slug":"prorrogacao-edital-visitas-tecnicas","status":"publish","type":"post","link":"https:\/\/www.ifbaiano.edu.br\/unidades\/lapa\/2019\/04\/05\/prorrogacao-edital-visitas-tecnicas\/","title":{"rendered":"Prorroga\u00e7\u00e3o Edital Visitas T\u00e9cnicas"},"content":{"rendered":"\n<p>A Comiss\u00e3o de Constru\u00e7\u00e3o, Implementa\u00e7\u00e3o e Avalia\u00e7\u00e3o das Visitas T\u00e9cnicas do <em>Campus<\/em> prorroga &nbsp;as submiss\u00f5es at\u00e9 o dia 12\/04\/2019, conforme novo cronograma em anexo. <\/p>\n\n\n\n<p><a rel=\"noreferrer noopener\" aria-label=\" (abre numa nova aba)\" href=\"http:\/\/www.ifbaiano.edu.br\/unidades\/lapa\/files\/2019\/04\/Of\u00edcio_01-2019.pdf\" target=\"_blank\">Of\u00edcio 01\/2019<\/a><\/p>\n\n\n\n<p><a href=\"http:\/\/www.ifbaiano.edu.br\/unidades\/lapa\/files\/2019\/04\/Anexo_I_prorrogacao.pdf\" target=\"_blank\" rel=\"noopener noreferrer\">Anexo I (Prorroga\u00e7\u00e3o)<\/a><\/p>\n\n\n\n<p><\/p>\n","protected":false},"excerpt":{"rendered":"<p>A Comiss\u00e3o de Constru\u00e7\u00e3o, Implementa\u00e7\u00e3o e Avalia\u00e7\u00e3o das Visitas T\u00e9cnicas do Campus prorroga &nbsp;as submiss\u00f5es at\u00e9 o dia 12\/04\/2019, conforme novo cronograma em anexo. Of\u00edcio 01\/2019 Anexo I (Prorroga\u00e7\u00e3o)<\/p>\n","protected":false},"author":100,"featured_media":0,"comment_status":"open","ping_status":"open","sticky":false,"template":"","format":"standard","meta":[],"categories":[34,64,24,65],"tags":[],"_links":{"self":[{"href":"https:\/\/www.ifbaiano.edu.br\/unidades\/lapa\/wp-json\/wp\/v2\/posts\/12464"}],"collection":[{"href":"https:\/\/www.ifbaiano.edu.br\/unidades\/lapa\/wp-json\/wp\/v2\/posts"}],"about":[{"href":"https:\/\/www.ifbaiano.edu.br\/unidades\/lapa\/wp-json\/wp\/v2\/types\/post"}],"author":[{"embeddable":true,"href":"https:\/\/www.ifbaiano.edu.br\/unidades\/lapa\/wp-json\/wp\/v2\/users\/100"}],"replies":[{"embeddable":true,"href":"https:\/\/www.ifbaiano.edu.br\/unidades\/lapa\/wp-json\/wp\/v2\/comments?post=12464"}],"version-history":[{"count":4,"href":"https:\/\/www.ifbaiano.edu.br\/unidades\/lapa\/wp-json\/wp\/v2\/posts\/12464\/revisions"}],"predecessor-version":[{"id":12471,"href":"https:\/\/www.ifbaiano.edu.br\/unidades\/lapa\/wp-json\/wp\/v2\/posts\/12464\/revisions\/12471"}],"wp:attachment":[{"href":"https:\/\/www.ifbaiano.edu.br\/unidades\/lapa\/wp-json\/wp\/v2\/media?parent=12464"}],"wp:term":[{"taxonomy":"category","embeddable":true,"href":"https:\/\/www.ifbaiano.edu.br\/unidades\/lapa\/wp-json\/wp\/v2\/categories?post=12464"},{"taxonomy":"post_tag","embeddable":true,"href":"https:\/\/www.ifbaiano.edu.br\/unidades\/lapa\/wp-json\/wp\/v2\/tags?post=12464"}],"curies":[{"name":"wp","href":"https:\/\/api.w.org\/{rel}","templated":true}]}}