{"id":1249,"date":"2013-07-25T16:20:20","date_gmt":"2013-07-25T18:20:20","guid":{"rendered":"http:\/\/www.ifbaiano.edu.br\/unidades\/lapa\/?p=1249"},"modified":"2013-07-25T17:11:26","modified_gmt":"2013-07-25T19:11:26","slug":"publicado-edital-para-eleicao-de-representantes-de-turma-2013","status":"publish","type":"post","link":"https:\/\/www.ifbaiano.edu.br\/unidades\/lapa\/2013\/07\/25\/publicado-edital-para-eleicao-de-representantes-de-turma-2013\/","title":{"rendered":"Publicado Edital para Elei\u00e7\u00e3o de Representantes de Turma 2013"},"content":{"rendered":"<p>O Diretor Geral do Campus Bom Jesus da Lapa torna p\u00fablico Edital 02\/2013, que trata da elei\u00e7\u00e3o para escolha dos representantes de turma 2013.<\/p>\n<p>Cliquem <a href=\"http:\/\/www.ifbaiano.edu.br\/unidades\/lapa\/files\/2013\/07\/edital.pdf\">aqui<\/a> e acessem.<\/p>\n<p>&nbsp;<\/p>\n<p>Fonte: Gabinete da Dire\u00e7\u00e3o Geral &#8211; Campus Lapa<\/p>\n<p>&nbsp;<\/p>\n","protected":false},"excerpt":{"rendered":"<p>O Diretor Geral do Campus Bom Jesus da Lapa torna p\u00fablico Edital 02\/2013, que trata da elei\u00e7\u00e3o para escolha dos representantes de turma 2013. Cliquem aqui e acessem. &nbsp; Fonte: Gabinete da Dire\u00e7\u00e3o Geral &#8211; Campus Lapa &nbsp;<\/p>\n","protected":false},"author":41,"featured_media":0,"comment_status":"open","ping_status":"open","sticky":false,"template":"","format":"standard","meta":[],"categories":[30],"tags":[],"_links":{"self":[{"href":"https:\/\/www.ifbaiano.edu.br\/unidades\/lapa\/wp-json\/wp\/v2\/posts\/1249"}],"collection":[{"href":"https:\/\/www.ifbaiano.edu.br\/unidades\/lapa\/wp-json\/wp\/v2\/posts"}],"about":[{"href":"https:\/\/www.ifbaiano.edu.br\/unidades\/lapa\/wp-json\/wp\/v2\/types\/post"}],"author":[{"embeddable":true,"href":"https:\/\/www.ifbaiano.edu.br\/unidades\/lapa\/wp-json\/wp\/v2\/users\/41"}],"replies":[{"embeddable":true,"href":"https:\/\/www.ifbaiano.edu.br\/unidades\/lapa\/wp-json\/wp\/v2\/comments?post=1249"}],"version-history":[{"count":3,"href":"https:\/\/www.ifbaiano.edu.br\/unidades\/lapa\/wp-json\/wp\/v2\/posts\/1249\/revisions"}],"predecessor-version":[{"id":1252,"href":"https:\/\/www.ifbaiano.edu.br\/unidades\/lapa\/wp-json\/wp\/v2\/posts\/1249\/revisions\/1252"}],"wp:attachment":[{"href":"https:\/\/www.ifbaiano.edu.br\/unidades\/lapa\/wp-json\/wp\/v2\/media?parent=1249"}],"wp:term":[{"taxonomy":"category","embeddable":true,"href":"https:\/\/www.ifbaiano.edu.br\/unidades\/lapa\/wp-json\/wp\/v2\/categories?post=1249"},{"taxonomy":"post_tag","embeddable":true,"href":"https:\/\/www.ifbaiano.edu.br\/unidades\/lapa\/wp-json\/wp\/v2\/tags?post=1249"}],"curies":[{"name":"wp","href":"https:\/\/api.w.org\/{rel}","templated":true}]}}