{"id":12490,"date":"2019-04-07T21:32:40","date_gmt":"2019-04-08T00:32:40","guid":{"rendered":"http:\/\/www.ifbaiano.edu.br\/unidades\/lapa\/?p=12490"},"modified":"2019-04-07T21:33:52","modified_gmt":"2019-04-08T00:33:52","slug":"extensionista-realizam-oficina-e-aporte-tecnico-em-escolas","status":"publish","type":"post","link":"https:\/\/www.ifbaiano.edu.br\/unidades\/lapa\/2019\/04\/07\/extensionista-realizam-oficina-e-aporte-tecnico-em-escolas\/","title":{"rendered":"Extensionista realizam oficina e aporte t\u00e9cnico em escolas"},"content":{"rendered":"\n<p style=\"text-align:justify\">No dia 04\/04\/2019 os extensionistas do projeto Aporte t\u00e9cnico ao programa novo mais Educa\u00e7\u00e3o tendo em vista a seguran\u00e7a alimentar e nutricional das escolas municipais de Bom Jesus da Lapa  realizaram oficina e aporte t\u00e9cnico nas escolas Camilo Baldu\u00edno na localidade de Po\u00e7o do Urubu e Ismael Alves na Lagoa de Ismael. As atividadades com estudantes, servidores e familiares envolveram a apresenta\u00e7\u00e3o do IF Baiano, din\u00e2mica de Mitos e verdades sobre alimenta\u00e7\u00e3o saud\u00e1vel e produ\u00e7\u00e3o de hortali\u00e7as, e avalia\u00e7\u00e3o conjunta do espa\u00e7o da horta escolar com esclarecimento de d\u00favidas e troca de experi\u00eancias.<\/p>\n<p>Fonte: Coordena\u00e7\u00e3o de Extens\u00e3o<\/p>\n\n\n\n<figure class=\"wp-block-image\"><img decoding=\"async\" loading=\"lazy\" width=\"1280\" height=\"598\" src=\"http:\/\/www.ifbaiano.edu.br\/unidades\/lapa\/files\/2019\/04\/Atividade_Extensao_7.jpeg\" alt=\"\" class=\"wp-image-12489\" \/><\/figure>\n\n\n\n<figure class=\"wp-block-image\"><img decoding=\"async\" loading=\"lazy\" width=\"1280\" height=\"960\" src=\"http:\/\/www.ifbaiano.edu.br\/unidades\/lapa\/files\/2019\/04\/Atividade_Extensao_6.jpeg\" alt=\"\" class=\"wp-image-12488\" \/><\/figure>\n\n\n\n<figure class=\"wp-block-image\"><img decoding=\"async\" loading=\"lazy\" width=\"1280\" height=\"960\" src=\"http:\/\/www.ifbaiano.edu.br\/unidades\/lapa\/files\/2019\/04\/Atividade_Extensao_5.jpeg\" alt=\"\" class=\"wp-image-12487\" \/><\/figure>\n\n\n\n<figure class=\"wp-block-image\"><img decoding=\"async\" loading=\"lazy\" width=\"1040\" height=\"550\" src=\"http:\/\/www.ifbaiano.edu.br\/unidades\/lapa\/files\/2019\/04\/Atividade_Extensao_4.jpeg\" alt=\"\" class=\"wp-image-12486\" \/><\/figure>\n\n\n\n<figure class=\"wp-block-image\"><img decoding=\"async\" loading=\"lazy\" width=\"1040\" height=\"780\" src=\"http:\/\/www.ifbaiano.edu.br\/unidades\/lapa\/files\/2019\/04\/Atividade_Extensao_3.jpeg\" alt=\"\" class=\"wp-image-12485\" \/><\/figure>\n\n\n\n<figure class=\"wp-block-image\"><img decoding=\"async\" loading=\"lazy\" width=\"1040\" height=\"727\" src=\"http:\/\/www.ifbaiano.edu.br\/unidades\/lapa\/files\/2019\/04\/Atividade_Extensao_2.jpeg\" alt=\"\" class=\"wp-image-12484\" \/><\/figure>\n\n\n\n<figure class=\"wp-block-image\"><img decoding=\"async\" loading=\"lazy\" width=\"1040\" height=\"780\" src=\"http:\/\/www.ifbaiano.edu.br\/unidades\/lapa\/files\/2019\/04\/Atividade_Extensao_1.jpeg\" alt=\"\" class=\"wp-image-12483\" \/><\/figure>\n","protected":false},"excerpt":{"rendered":"<p>No dia 04\/04\/2019 os extensionistas do projeto Aporte t\u00e9cnico ao programa novo mais Educa\u00e7\u00e3o tendo em vista a seguran\u00e7a alimentar e nutricional das escolas municipais de Bom Jesus da Lapa realizaram oficina e aporte t\u00e9cnico nas escolas Camilo Baldu\u00edno na localidade de Po\u00e7o do Urubu e Ismael Alves na Lagoa de Ismael. As atividadades com [&hellip;]<\/p>\n","protected":false},"author":100,"featured_media":12489,"comment_status":"open","ping_status":"open","sticky":false,"template":"","format":"standard","meta":[],"categories":[64,24,40,65],"tags":[],"_links":{"self":[{"href":"https:\/\/www.ifbaiano.edu.br\/unidades\/lapa\/wp-json\/wp\/v2\/posts\/12490"}],"collection":[{"href":"https:\/\/www.ifbaiano.edu.br\/unidades\/lapa\/wp-json\/wp\/v2\/posts"}],"about":[{"href":"https:\/\/www.ifbaiano.edu.br\/unidades\/lapa\/wp-json\/wp\/v2\/types\/post"}],"author":[{"embeddable":true,"href":"https:\/\/www.ifbaiano.edu.br\/unidades\/lapa\/wp-json\/wp\/v2\/users\/100"}],"replies":[{"embeddable":true,"href":"https:\/\/www.ifbaiano.edu.br\/unidades\/lapa\/wp-json\/wp\/v2\/comments?post=12490"}],"version-history":[{"count":2,"href":"https:\/\/www.ifbaiano.edu.br\/unidades\/lapa\/wp-json\/wp\/v2\/posts\/12490\/revisions"}],"predecessor-version":[{"id":12492,"href":"https:\/\/www.ifbaiano.edu.br\/unidades\/lapa\/wp-json\/wp\/v2\/posts\/12490\/revisions\/12492"}],"wp:featuredmedia":[{"embeddable":true,"href":"https:\/\/www.ifbaiano.edu.br\/unidades\/lapa\/wp-json\/wp\/v2\/media\/12489"}],"wp:attachment":[{"href":"https:\/\/www.ifbaiano.edu.br\/unidades\/lapa\/wp-json\/wp\/v2\/media?parent=12490"}],"wp:term":[{"taxonomy":"category","embeddable":true,"href":"https:\/\/www.ifbaiano.edu.br\/unidades\/lapa\/wp-json\/wp\/v2\/categories?post=12490"},{"taxonomy":"post_tag","embeddable":true,"href":"https:\/\/www.ifbaiano.edu.br\/unidades\/lapa\/wp-json\/wp\/v2\/tags?post=12490"}],"curies":[{"name":"wp","href":"https:\/\/api.w.org\/{rel}","templated":true}]}}