{"id":12495,"date":"2019-04-08T12:36:05","date_gmt":"2019-04-08T15:36:05","guid":{"rendered":"http:\/\/www.ifbaiano.edu.br\/unidades\/lapa\/?p=12495"},"modified":"2019-04-08T12:44:52","modified_gmt":"2019-04-08T15:44:52","slug":"lancamento-do-projeto-cuca-legal","status":"publish","type":"post","link":"https:\/\/www.ifbaiano.edu.br\/unidades\/lapa\/2019\/04\/08\/lancamento-do-projeto-cuca-legal\/","title":{"rendered":"Lan\u00e7amento do Projeto CUCA LEGAL"},"content":{"rendered":"\n<p>No dia 06 de abril de 2019, foi lan\u00e7ado no IF Baiano <em>Campus<\/em> Lapa o projeto CUCA LEGAL. Este \u00e9 o primeiro de uma s\u00e9rie de debates que abordar\u00e1 quest\u00f5es do cotidiano escolar tais como: racismo, ansiedade, depress\u00e3o, <em>bullying<\/em>, entre outros e contar\u00e1 com cine-debate, rodas de conversa, encontros formativos e muito mais.<br> No \u00faltimo s\u00e1bado, os debates ocorreram em torno do racismo e da igualdade de g\u00eanero.<br> Para Eduarda Le\u00e3o, estudante do 2\u00ba Ano de Agroecologia, &#8220;o evento foi importante por ter promovido a intera\u00e7\u00e3o entre as v\u00e1rias turmas e cursos e ainda, por possibilitar que os estudantes<br> falassem de forma livre e sem serem julgados pela diversidade de pensamento&#8221;.<br> Para animar ainda mais o momento, v\u00e1rios brindes foram sorteados. Isso e muito mais para que os estudantes fiquem de CUCA LEGAL.<\/p>\n\n\n\n<figure class=\"wp-block-image\"><img decoding=\"async\" loading=\"lazy\" width=\"1280\" height=\"960\" src=\"http:\/\/www.ifbaiano.edu.br\/unidades\/lapa\/files\/2019\/04\/CUCA_LEGAL_9.jpeg\" alt=\"\" class=\"wp-image-12497\" \/><\/figure>\n\n\n\n<figure class=\"wp-block-image\"><img decoding=\"async\" loading=\"lazy\" width=\"1040\" height=\"780\" src=\"http:\/\/www.ifbaiano.edu.br\/unidades\/lapa\/files\/2019\/04\/CUCA_LEGAL_1.jpeg\" alt=\"\" class=\"wp-image-12498\" \/><\/figure>\n\n\n\n<figure class=\"wp-block-image\"><img decoding=\"async\" loading=\"lazy\" width=\"1040\" height=\"780\" src=\"http:\/\/www.ifbaiano.edu.br\/unidades\/lapa\/files\/2019\/04\/CUCA_LEGAL_2.jpeg\" alt=\"\" class=\"wp-image-12499\" \/><\/figure>\n\n\n\n<figure class=\"wp-block-image\"><img decoding=\"async\" loading=\"lazy\" width=\"780\" height=\"1040\" src=\"http:\/\/www.ifbaiano.edu.br\/unidades\/lapa\/files\/2019\/04\/CUCA_LEGAL_3.jpeg\" alt=\"\" class=\"wp-image-12500\" \/><\/figure>\n\n\n\n<figure class=\"wp-block-image\"><img decoding=\"async\" loading=\"lazy\" width=\"1040\" height=\"780\" src=\"http:\/\/www.ifbaiano.edu.br\/unidades\/lapa\/files\/2019\/04\/CUCA_LEGAL_4.jpeg\" alt=\"\" class=\"wp-image-12501\" \/><\/figure>\n\n\n\n<figure class=\"wp-block-image\"><img decoding=\"async\" loading=\"lazy\" width=\"1040\" height=\"780\" src=\"http:\/\/www.ifbaiano.edu.br\/unidades\/lapa\/files\/2019\/04\/CUCA_LEGAL_5.jpeg\" alt=\"\" class=\"wp-image-12502\" \/><\/figure>\n\n\n\n<figure class=\"wp-block-image\"><img decoding=\"async\" loading=\"lazy\" width=\"780\" height=\"1040\" src=\"http:\/\/www.ifbaiano.edu.br\/unidades\/lapa\/files\/2019\/04\/CUCA_LEGAL_6.jpeg\" alt=\"\" class=\"wp-image-12503\" \/><\/figure>\n\n\n\n<figure class=\"wp-block-image\"><img decoding=\"async\" loading=\"lazy\" width=\"1040\" height=\"780\" src=\"http:\/\/www.ifbaiano.edu.br\/unidades\/lapa\/files\/2019\/04\/CUCA_LEGAL_7.jpeg\" alt=\"\" class=\"wp-image-12504\" \/><\/figure>\n\n\n\n<figure class=\"wp-block-image\"><img decoding=\"async\" loading=\"lazy\" width=\"780\" height=\"1040\" src=\"http:\/\/www.ifbaiano.edu.br\/unidades\/lapa\/files\/2019\/04\/CUCA_LEGAL_8.jpeg\" alt=\"\" class=\"wp-image-12505\" \/><\/figure>\n","protected":false},"excerpt":{"rendered":"<p>No dia 06 de abril de 2019, foi lan\u00e7ado no IF Baiano Campus Lapa o projeto CUCA LEGAL. Este \u00e9 o primeiro de uma s\u00e9rie de debates que abordar\u00e1 quest\u00f5es do cotidiano escolar tais como: racismo, ansiedade, depress\u00e3o, bullying, entre outros e contar\u00e1 com cine-debate, rodas de conversa, encontros formativos e muito mais. No \u00faltimo [&hellip;]<\/p>\n","protected":false},"author":100,"featured_media":12501,"comment_status":"open","ping_status":"open","sticky":false,"template":"","format":"standard","meta":[],"categories":[64,24,65],"tags":[],"_links":{"self":[{"href":"https:\/\/www.ifbaiano.edu.br\/unidades\/lapa\/wp-json\/wp\/v2\/posts\/12495"}],"collection":[{"href":"https:\/\/www.ifbaiano.edu.br\/unidades\/lapa\/wp-json\/wp\/v2\/posts"}],"about":[{"href":"https:\/\/www.ifbaiano.edu.br\/unidades\/lapa\/wp-json\/wp\/v2\/types\/post"}],"author":[{"embeddable":true,"href":"https:\/\/www.ifbaiano.edu.br\/unidades\/lapa\/wp-json\/wp\/v2\/users\/100"}],"replies":[{"embeddable":true,"href":"https:\/\/www.ifbaiano.edu.br\/unidades\/lapa\/wp-json\/wp\/v2\/comments?post=12495"}],"version-history":[{"count":4,"href":"https:\/\/www.ifbaiano.edu.br\/unidades\/lapa\/wp-json\/wp\/v2\/posts\/12495\/revisions"}],"predecessor-version":[{"id":12508,"href":"https:\/\/www.ifbaiano.edu.br\/unidades\/lapa\/wp-json\/wp\/v2\/posts\/12495\/revisions\/12508"}],"wp:featuredmedia":[{"embeddable":true,"href":"https:\/\/www.ifbaiano.edu.br\/unidades\/lapa\/wp-json\/wp\/v2\/media\/12501"}],"wp:attachment":[{"href":"https:\/\/www.ifbaiano.edu.br\/unidades\/lapa\/wp-json\/wp\/v2\/media?parent=12495"}],"wp:term":[{"taxonomy":"category","embeddable":true,"href":"https:\/\/www.ifbaiano.edu.br\/unidades\/lapa\/wp-json\/wp\/v2\/categories?post=12495"},{"taxonomy":"post_tag","embeddable":true,"href":"https:\/\/www.ifbaiano.edu.br\/unidades\/lapa\/wp-json\/wp\/v2\/tags?post=12495"}],"curies":[{"name":"wp","href":"https:\/\/api.w.org\/{rel}","templated":true}]}}