{"id":12509,"date":"2019-04-09T07:53:06","date_gmt":"2019-04-09T10:53:06","guid":{"rendered":"http:\/\/www.ifbaiano.edu.br\/unidades\/lapa\/?p=12509"},"modified":"2019-04-09T07:59:56","modified_gmt":"2019-04-09T10:59:56","slug":"lista-oficial-de-candidatos-conselho-de-ensino-pesquisa-e-extensao","status":"publish","type":"post","link":"https:\/\/www.ifbaiano.edu.br\/unidades\/lapa\/2019\/04\/09\/lista-oficial-de-candidatos-conselho-de-ensino-pesquisa-e-extensao\/","title":{"rendered":"Lista oficial de candidatos &#8211; Conselho de Ensino, Pesquisa e Extens\u00e3o"},"content":{"rendered":"\n<p style=\"text-align:right\"><p style=\"text-align:justify\">Em anexo, a rela\u00e7\u00e3o de candidatos ao conselho de ensino, pesquisa e extens\u00e3o.<br>A vota\u00e7\u00e3o ser\u00e1 realizada no pr\u00f3ximo dia&nbsp;16 de abril&nbsp;de 2019, das 09h \u00e0s 20h, no sagu\u00e3o do Campus.&nbsp; <\/p><\/p>\n\n\n\n<a href=\"http:\/\/www.ifbaiano.edu.br\/unidades\/lapa\/files\/2019\/04\/Candidatos-ELEICOES-TODOS-OS-CAMPI_-Publica\u00e7\u00e3o.pdf\" target=\"_blank\" rel=\"noopener noreferrer\">Rela\u00e7\u00e3o de Candidatos<\/a>\n\n\n\n<p><strong>Fonte:<\/strong> Comiss\u00e3o Eleitoral Local <em>Campus<\/em> Bom Jesus da Lapa<\/p>\n","protected":false},"excerpt":{"rendered":"<p>Em anexo, a rela\u00e7\u00e3o de candidatos ao conselho de ensino, pesquisa e extens\u00e3o.A vota\u00e7\u00e3o ser\u00e1 realizada no pr\u00f3ximo dia&nbsp;16 de abril&nbsp;de 2019, das 09h \u00e0s 20h, no sagu\u00e3o do Campus.&nbsp; Rela\u00e7\u00e3o de Candidatos Fonte: Comiss\u00e3o Eleitoral Local Campus Bom Jesus da Lapa<\/p>\n","protected":false},"author":100,"featured_media":0,"comment_status":"open","ping_status":"open","sticky":false,"template":"","format":"standard","meta":[],"categories":[64,24,65],"tags":[],"_links":{"self":[{"href":"https:\/\/www.ifbaiano.edu.br\/unidades\/lapa\/wp-json\/wp\/v2\/posts\/12509"}],"collection":[{"href":"https:\/\/www.ifbaiano.edu.br\/unidades\/lapa\/wp-json\/wp\/v2\/posts"}],"about":[{"href":"https:\/\/www.ifbaiano.edu.br\/unidades\/lapa\/wp-json\/wp\/v2\/types\/post"}],"author":[{"embeddable":true,"href":"https:\/\/www.ifbaiano.edu.br\/unidades\/lapa\/wp-json\/wp\/v2\/users\/100"}],"replies":[{"embeddable":true,"href":"https:\/\/www.ifbaiano.edu.br\/unidades\/lapa\/wp-json\/wp\/v2\/comments?post=12509"}],"version-history":[{"count":3,"href":"https:\/\/www.ifbaiano.edu.br\/unidades\/lapa\/wp-json\/wp\/v2\/posts\/12509\/revisions"}],"predecessor-version":[{"id":12514,"href":"https:\/\/www.ifbaiano.edu.br\/unidades\/lapa\/wp-json\/wp\/v2\/posts\/12509\/revisions\/12514"}],"wp:attachment":[{"href":"https:\/\/www.ifbaiano.edu.br\/unidades\/lapa\/wp-json\/wp\/v2\/media?parent=12509"}],"wp:term":[{"taxonomy":"category","embeddable":true,"href":"https:\/\/www.ifbaiano.edu.br\/unidades\/lapa\/wp-json\/wp\/v2\/categories?post=12509"},{"taxonomy":"post_tag","embeddable":true,"href":"https:\/\/www.ifbaiano.edu.br\/unidades\/lapa\/wp-json\/wp\/v2\/tags?post=12509"}],"curies":[{"name":"wp","href":"https:\/\/api.w.org\/{rel}","templated":true}]}}