{"id":12536,"date":"2019-04-10T11:10:34","date_gmt":"2019-04-10T14:10:34","guid":{"rendered":"http:\/\/www.ifbaiano.edu.br\/unidades\/lapa\/?p=12536"},"modified":"2019-04-10T11:23:39","modified_gmt":"2019-04-10T14:23:39","slug":"campus-bom-jesus-da-lapa-inicia-as-atividades-do-programa-de-nivelamento","status":"publish","type":"post","link":"https:\/\/www.ifbaiano.edu.br\/unidades\/lapa\/2019\/04\/10\/campus-bom-jesus-da-lapa-inicia-as-atividades-do-programa-de-nivelamento\/","title":{"rendered":"Campus Bom Jesus da Lapa inicia as atividades do Programa de Nivelamento"},"content":{"rendered":"\n<p style=\"text-align:justify\">Com\no objetivo de implementar a\u00e7\u00f5es de perman\u00eancia e \u00eaxito do\nprocesso formativo escolar, o <em>Campus<\/em> Bom Jesus da Lapa\niniciou, no dia 12 de mar\u00e7o de 2019, os cursos de nivelamento\nenvolvendo Fundamentos da Matem\u00e1tica e Leitura, Interpreta\u00e7\u00e3o e\nProdu\u00e7\u00e3o Textual, para as turmas de primeiro ano dos cursos\nintegrados em Agricultura, Agroecologia e Inform\u00e1tica. \n<\/p>\n\n\n\n<p style=\"text-align:justify\">Foram\nrealizados momentos que contemplaram as seguintes tem\u00e1ticas:\nOrienta\u00e7\u00f5es de Estudo, Leitura e Interpreta\u00e7\u00e3o de Texto Verbal e\nN\u00e3o-Verbal, Opera\u00e7\u00f5es com N\u00fameros Inteiros, Resenha de Produ\u00e7\u00e3o\nAudiovisual e Opera\u00e7\u00f5es com N\u00fameros Racionais. O Nivelamento\ncompreende o per\u00edodo de 12\/03\/2019 a 25\/07\/2019. \n<\/p>\n\n\n\n<p style=\"text-align:justify\">Nesta\nprimeira etapa agradecemos a equipe envolvida na execu\u00e7\u00e3o das\natividades: Adevan\u00facia Nere, Emerson Santos, Edi\u00eanio Farias,\nSolange Nogueira, Valqu\u00edria Ara\u00fajo, Isnaya Ledo, Danuza Souza,\nGrace Itana e Janine Couto. \n<\/p>\n\n\n\n<p style=\"text-align:justify\">Fazer\neduca\u00e7\u00e3o \u00e9\njustamente se engajar nesse processo de constru\u00e7\u00e3o de\npossibilidades, frente a uma realidade t\u00e3o desigual, na qual poucos\ntiveram, de fato, acesso a um processo formativo de qualidade. \n<\/p>\n\n\n\n<figure class=\"wp-block-image\"><img decoding=\"async\" loading=\"lazy\" width=\"783\" height=\"571\" src=\"http:\/\/www.ifbaiano.edu.br\/unidades\/lapa\/files\/2019\/04\/NIVELAMENTO_MATEMATICA_06.jpg\" alt=\"\" class=\"wp-image-12552\" \/><\/figure>\n\n\n\n<p style=\"text-align:justify\"><strong>Fonte:\nNUAPE \u2013<\/strong> N\u00facleo de Apoio ao Processo de Ensino, Aprendizagem,\nPerman\u00eancia e \u00caxito do Educando.<\/p>\n","protected":false},"excerpt":{"rendered":"<p>Com o objetivo de implementar a\u00e7\u00f5es de perman\u00eancia e \u00eaxito do processo formativo escolar, o Campus Bom Jesus da Lapa iniciou, no dia 12 de mar\u00e7o de 2019, os cursos de nivelamento envolvendo Fundamentos da Matem\u00e1tica e Leitura, Interpreta\u00e7\u00e3o e Produ\u00e7\u00e3o Textual, para as turmas de primeiro ano dos cursos integrados em Agricultura, Agroecologia e [&hellip;]<\/p>\n","protected":false},"author":100,"featured_media":12538,"comment_status":"open","ping_status":"open","sticky":false,"template":"","format":"standard","meta":[],"categories":[64,24,65],"tags":[],"_links":{"self":[{"href":"https:\/\/www.ifbaiano.edu.br\/unidades\/lapa\/wp-json\/wp\/v2\/posts\/12536"}],"collection":[{"href":"https:\/\/www.ifbaiano.edu.br\/unidades\/lapa\/wp-json\/wp\/v2\/posts"}],"about":[{"href":"https:\/\/www.ifbaiano.edu.br\/unidades\/lapa\/wp-json\/wp\/v2\/types\/post"}],"author":[{"embeddable":true,"href":"https:\/\/www.ifbaiano.edu.br\/unidades\/lapa\/wp-json\/wp\/v2\/users\/100"}],"replies":[{"embeddable":true,"href":"https:\/\/www.ifbaiano.edu.br\/unidades\/lapa\/wp-json\/wp\/v2\/comments?post=12536"}],"version-history":[{"count":9,"href":"https:\/\/www.ifbaiano.edu.br\/unidades\/lapa\/wp-json\/wp\/v2\/posts\/12536\/revisions"}],"predecessor-version":[{"id":12553,"href":"https:\/\/www.ifbaiano.edu.br\/unidades\/lapa\/wp-json\/wp\/v2\/posts\/12536\/revisions\/12553"}],"wp:featuredmedia":[{"embeddable":true,"href":"https:\/\/www.ifbaiano.edu.br\/unidades\/lapa\/wp-json\/wp\/v2\/media\/12538"}],"wp:attachment":[{"href":"https:\/\/www.ifbaiano.edu.br\/unidades\/lapa\/wp-json\/wp\/v2\/media?parent=12536"}],"wp:term":[{"taxonomy":"category","embeddable":true,"href":"https:\/\/www.ifbaiano.edu.br\/unidades\/lapa\/wp-json\/wp\/v2\/categories?post=12536"},{"taxonomy":"post_tag","embeddable":true,"href":"https:\/\/www.ifbaiano.edu.br\/unidades\/lapa\/wp-json\/wp\/v2\/tags?post=12536"}],"curies":[{"name":"wp","href":"https:\/\/api.w.org\/{rel}","templated":true}]}}