{"id":12637,"date":"2019-04-19T11:12:37","date_gmt":"2019-04-19T14:12:37","guid":{"rendered":"http:\/\/www.ifbaiano.edu.br\/unidades\/lapa\/?p=12637"},"modified":"2019-04-19T11:13:27","modified_gmt":"2019-04-19T14:13:27","slug":"campus-bom-jesus-da-lapa-deu-inicio-as-atividades-do-projeto-de-extensao","status":"publish","type":"post","link":"https:\/\/www.ifbaiano.edu.br\/unidades\/lapa\/2019\/04\/19\/campus-bom-jesus-da-lapa-deu-inicio-as-atividades-do-projeto-de-extensao\/","title":{"rendered":"Campus Bom Jesus da Lapa deu in\u00edcio \u00e0s atividades do projeto de Extens\u00e3o"},"content":{"rendered":"\n<p style=\"text-align:justify\">Com o objetivo de estreitar os la\u00e7os com a comunidade externa e oferecer oportunidades de qualifica\u00e7\u00e3o para adolescentes e jovens da regi\u00e3o, o Campus Bom Jesus da Lapa deu in\u00edcio \u00e0s atividades do projeto de Extens\u00e3o &#8220;A inform\u00e1tica como instrumento de integra\u00e7\u00e3o e inclus\u00e3o social: uma experi\u00eancia no IF Baiano \u2013 Campus Bom Jesus da Lapa.&#8221; A iniciativa \u00e9 coordenada pelo professor Marcelo West, com a participa\u00e7\u00e3o de monitores do terceiro ano do curso de inform\u00e1tica Maiara Janu\u00e1rio, Srcalet Santos, Cec\u00edlia Mendes, R\u00f4mulo Oliveira e Franciele Souza. As atividades acontecem semanalmente, \u00e0s sextas-feiras e s\u00e1bados, com a participa\u00e7\u00e3o de 50 integrantes, em sua maioria residentes nas agrovilas do munic\u00edpio de Serra do Ramalho. Para o professor Marcelo, o projeto contribuiu para a visibilidade institucional, mostrando-se como uma possibilidade para integrar jovens e adolescentes no contexto escolar.<\/p>\n\n\n\n<p>Fonte: Coordena\u00e7\u00e3o de Extens\u00e3o<\/p>\n\n\n\n<figure class=\"wp-block-image\"><img decoding=\"async\" loading=\"lazy\" width=\"1280\" height=\"959\" src=\"http:\/\/www.ifbaiano.edu.br\/unidades\/lapa\/files\/2019\/04\/Informatica_01.jpeg\" alt=\"\" class=\"wp-image-12638\" \/><\/figure>\n\n\n\n<figure class=\"wp-block-image\"><img decoding=\"async\" loading=\"lazy\" width=\"1158\" height=\"869\" src=\"http:\/\/www.ifbaiano.edu.br\/unidades\/lapa\/files\/2019\/04\/Informatica_02.jpeg\" alt=\"\" class=\"wp-image-12639\" \/><\/figure>\n\n\n\n<figure class=\"wp-block-image\"><img decoding=\"async\" loading=\"lazy\" width=\"1158\" height=\"869\" src=\"http:\/\/www.ifbaiano.edu.br\/unidades\/lapa\/files\/2019\/04\/Informatica_03.jpeg\" alt=\"\" class=\"wp-image-12640\" \/><\/figure>\n\n\n\n<figure class=\"wp-block-image\"><img decoding=\"async\" loading=\"lazy\" width=\"1158\" height=\"869\" src=\"http:\/\/www.ifbaiano.edu.br\/unidades\/lapa\/files\/2019\/04\/Informatica_04.jpeg\" alt=\"\" class=\"wp-image-12641\" \/><\/figure>\n\n\n\n<figure class=\"wp-block-image\"><img decoding=\"async\" loading=\"lazy\" width=\"1158\" height=\"869\" src=\"http:\/\/www.ifbaiano.edu.br\/unidades\/lapa\/files\/2019\/04\/Informatica_05.jpeg\" alt=\"\" class=\"wp-image-12642\" \/><\/figure>\n\n\n\n<figure class=\"wp-block-image\"><img decoding=\"async\" loading=\"lazy\" width=\"1158\" height=\"869\" src=\"http:\/\/www.ifbaiano.edu.br\/unidades\/lapa\/files\/2019\/04\/Informatica_06.jpeg\" alt=\"\" class=\"wp-image-12643\" \/><\/figure>\n","protected":false},"excerpt":{"rendered":"<p>Com o objetivo de estreitar os la\u00e7os com a comunidade externa e oferecer oportunidades de qualifica\u00e7\u00e3o para adolescentes e jovens da regi\u00e3o, o Campus Bom Jesus da Lapa deu in\u00edcio \u00e0s atividades do projeto de Extens\u00e3o &#8220;A inform\u00e1tica como instrumento de integra\u00e7\u00e3o e inclus\u00e3o social: uma experi\u00eancia no IF Baiano \u2013 Campus Bom Jesus da [&hellip;]<\/p>\n","protected":false},"author":100,"featured_media":12638,"comment_status":"open","ping_status":"open","sticky":false,"template":"","format":"standard","meta":[],"categories":[64,24,40,65],"tags":[],"_links":{"self":[{"href":"https:\/\/www.ifbaiano.edu.br\/unidades\/lapa\/wp-json\/wp\/v2\/posts\/12637"}],"collection":[{"href":"https:\/\/www.ifbaiano.edu.br\/unidades\/lapa\/wp-json\/wp\/v2\/posts"}],"about":[{"href":"https:\/\/www.ifbaiano.edu.br\/unidades\/lapa\/wp-json\/wp\/v2\/types\/post"}],"author":[{"embeddable":true,"href":"https:\/\/www.ifbaiano.edu.br\/unidades\/lapa\/wp-json\/wp\/v2\/users\/100"}],"replies":[{"embeddable":true,"href":"https:\/\/www.ifbaiano.edu.br\/unidades\/lapa\/wp-json\/wp\/v2\/comments?post=12637"}],"version-history":[{"count":2,"href":"https:\/\/www.ifbaiano.edu.br\/unidades\/lapa\/wp-json\/wp\/v2\/posts\/12637\/revisions"}],"predecessor-version":[{"id":12645,"href":"https:\/\/www.ifbaiano.edu.br\/unidades\/lapa\/wp-json\/wp\/v2\/posts\/12637\/revisions\/12645"}],"wp:featuredmedia":[{"embeddable":true,"href":"https:\/\/www.ifbaiano.edu.br\/unidades\/lapa\/wp-json\/wp\/v2\/media\/12638"}],"wp:attachment":[{"href":"https:\/\/www.ifbaiano.edu.br\/unidades\/lapa\/wp-json\/wp\/v2\/media?parent=12637"}],"wp:term":[{"taxonomy":"category","embeddable":true,"href":"https:\/\/www.ifbaiano.edu.br\/unidades\/lapa\/wp-json\/wp\/v2\/categories?post=12637"},{"taxonomy":"post_tag","embeddable":true,"href":"https:\/\/www.ifbaiano.edu.br\/unidades\/lapa\/wp-json\/wp\/v2\/tags?post=12637"}],"curies":[{"name":"wp","href":"https:\/\/api.w.org\/{rel}","templated":true}]}}