{"id":12646,"date":"2019-04-19T11:27:44","date_gmt":"2019-04-19T14:27:44","guid":{"rendered":"http:\/\/www.ifbaiano.edu.br\/unidades\/lapa\/?p=12646"},"modified":"2019-04-19T11:31:35","modified_gmt":"2019-04-19T14:31:35","slug":"encontro-de-educadores-da-educacao-do-campo-de-serra-do-ramalho-ba","status":"publish","type":"post","link":"https:\/\/www.ifbaiano.edu.br\/unidades\/lapa\/2019\/04\/19\/encontro-de-educadores-da-educacao-do-campo-de-serra-do-ramalho-ba\/","title":{"rendered":"Encontro de Educadores da Educa\u00e7\u00e3o do Campo de Serra do Ramalho-Ba"},"content":{"rendered":"\n<p style=\"text-align:justify\">O Campus Bom Jesus da Lapa realizou, no ultimo dia 13 de abril, o Encontro de Educadores da Educa\u00e7\u00e3o do Campo de Serra do Ramalho -Ba. Com o prop\u00f3sito de articular teoria e pr\u00e1tica, foram debatidos temas diretamente ligados ao cotidiano da sala de aula, no sentido de mediar o &#8221; pensar e o fazer a educa\u00e7\u00e3o do campo&#8221;. O evento, demandado pela secretaria municipal de educa\u00e7\u00e3o de Serra do Ramalho, foi desenvolvido por servidores dos diversos setores da Diretoria Acad\u00eamica, com o apoio da Dire\u00e7\u00e3o Geral e Administrativa. Foram realizadas palestras e oficinas que perpassaram pelos temas: Fundamentos da Educa\u00e7\u00e3o do Campo, Libras, Avalia\u00e7\u00e3o, Etnomatem\u00e1tica, Cordel, M\u00fasica, Educa\u00e7\u00e3o Ambiental, Educa\u00e7\u00e3o Infantil e Inform\u00e1tica.<\/p>\n\n\n\n<p>Fonte: Coordena\u00e7\u00e3o de Extens\u00e3o<\/p>\n\n\n\n<figure class=\"wp-block-image\"><img decoding=\"async\" loading=\"lazy\" width=\"720\" height=\"480\" src=\"http:\/\/www.ifbaiano.edu.br\/unidades\/lapa\/files\/2019\/04\/Simposio_12.jpeg\" alt=\"\" class=\"wp-image-12659\" \/><\/figure>\n\n\n\n<figure class=\"wp-block-image\"><img decoding=\"async\" loading=\"lazy\" width=\"1040\" height=\"584\" src=\"http:\/\/www.ifbaiano.edu.br\/unidades\/lapa\/files\/2019\/04\/Simposio_01.jpeg\" alt=\"\" class=\"wp-image-12648\" \/><\/figure>\n\n\n\n<figure class=\"wp-block-image\"><img decoding=\"async\" loading=\"lazy\" width=\"1040\" height=\"584\" src=\"http:\/\/www.ifbaiano.edu.br\/unidades\/lapa\/files\/2019\/04\/Simposio_02.jpeg\" alt=\"\" class=\"wp-image-12649\" \/><\/figure>\n\n\n\n<figure class=\"wp-block-image\"><img decoding=\"async\" loading=\"lazy\" width=\"1040\" height=\"584\" src=\"http:\/\/www.ifbaiano.edu.br\/unidades\/lapa\/files\/2019\/04\/Simposio_03.jpeg\" alt=\"\" class=\"wp-image-12650\" \/><\/figure>\n\n\n\n<figure class=\"wp-block-image\"><img decoding=\"async\" loading=\"lazy\" width=\"1040\" height=\"584\" src=\"http:\/\/www.ifbaiano.edu.br\/unidades\/lapa\/files\/2019\/04\/Simposio_04.jpeg\" alt=\"\" class=\"wp-image-12651\" \/><\/figure>\n\n\n\n<figure class=\"wp-block-image\"><img decoding=\"async\" loading=\"lazy\" width=\"1152\" height=\"864\" src=\"http:\/\/www.ifbaiano.edu.br\/unidades\/lapa\/files\/2019\/04\/Simposio_05.jpeg\" alt=\"\" class=\"wp-image-12652\" \/><\/figure>\n\n\n\n<figure class=\"wp-block-image\"><img decoding=\"async\" loading=\"lazy\" width=\"1152\" height=\"864\" src=\"http:\/\/www.ifbaiano.edu.br\/unidades\/lapa\/files\/2019\/04\/Simposio_06.jpeg\" alt=\"\" class=\"wp-image-12653\" \/><\/figure>\n\n\n\n<figure class=\"wp-block-image\"><img decoding=\"async\" loading=\"lazy\" width=\"1040\" height=\"584\" src=\"http:\/\/www.ifbaiano.edu.br\/unidades\/lapa\/files\/2019\/04\/Simposio_07.jpeg\" alt=\"\" class=\"wp-image-12654\" \/><\/figure>\n\n\n\n<figure class=\"wp-block-image\"><img decoding=\"async\" loading=\"lazy\" width=\"1040\" height=\"584\" src=\"http:\/\/www.ifbaiano.edu.br\/unidades\/lapa\/files\/2019\/04\/Simposio_08.jpeg\" alt=\"\" class=\"wp-image-12655\" \/><\/figure>\n\n\n\n<figure class=\"wp-block-image\"><img decoding=\"async\" loading=\"lazy\" width=\"720\" height=\"540\" src=\"http:\/\/www.ifbaiano.edu.br\/unidades\/lapa\/files\/2019\/04\/Simposio_10.jpeg\" alt=\"\" class=\"wp-image-12657\" \/><\/figure>\n\n\n\n<figure class=\"wp-block-image\"><img decoding=\"async\" loading=\"lazy\" width=\"720\" height=\"540\" src=\"http:\/\/www.ifbaiano.edu.br\/unidades\/lapa\/files\/2019\/04\/Simposio_11.jpeg\" alt=\"\" class=\"wp-image-12658\" \/><\/figure>\n\n\n\n<p><\/p>\n\n\n\n<figure class=\"wp-block-image\"><img decoding=\"async\" loading=\"lazy\" width=\"720\" height=\"540\" src=\"http:\/\/www.ifbaiano.edu.br\/unidades\/lapa\/files\/2019\/04\/Simposio_13.jpeg\" alt=\"\" class=\"wp-image-12660\" \/><\/figure>\n\n\n\n<figure class=\"wp-block-image\"><img decoding=\"async\" loading=\"lazy\" width=\"720\" height=\"404\" src=\"http:\/\/www.ifbaiano.edu.br\/unidades\/lapa\/files\/2019\/04\/Simposio_14.jpeg\" alt=\"\" class=\"wp-image-12661\" \/><\/figure>\n\n\n\n<figure class=\"wp-block-image\"><img decoding=\"async\" loading=\"lazy\" width=\"1040\" height=\"584\" src=\"http:\/\/www.ifbaiano.edu.br\/unidades\/lapa\/files\/2019\/04\/Simposio_15.jpeg\" alt=\"\" class=\"wp-image-12662\" \/><\/figure>\n\n\n\n<figure class=\"wp-block-image\"><img decoding=\"async\" loading=\"lazy\" width=\"1040\" height=\"584\" src=\"http:\/\/www.ifbaiano.edu.br\/unidades\/lapa\/files\/2019\/04\/Simposio_16.jpeg\" alt=\"\" class=\"wp-image-12663\" \/><\/figure>\n","protected":false},"excerpt":{"rendered":"<p>O Campus Bom Jesus da Lapa realizou, no ultimo dia 13 de abril, o Encontro de Educadores da Educa\u00e7\u00e3o do Campo de Serra do Ramalho -Ba. Com o prop\u00f3sito de articular teoria e pr\u00e1tica, foram debatidos temas diretamente ligados ao cotidiano da sala de aula, no sentido de mediar o &#8221; pensar e o fazer [&hellip;]<\/p>\n","protected":false},"author":100,"featured_media":12659,"comment_status":"open","ping_status":"open","sticky":false,"template":"","format":"standard","meta":[],"categories":[64,24,40,65],"tags":[],"_links":{"self":[{"href":"https:\/\/www.ifbaiano.edu.br\/unidades\/lapa\/wp-json\/wp\/v2\/posts\/12646"}],"collection":[{"href":"https:\/\/www.ifbaiano.edu.br\/unidades\/lapa\/wp-json\/wp\/v2\/posts"}],"about":[{"href":"https:\/\/www.ifbaiano.edu.br\/unidades\/lapa\/wp-json\/wp\/v2\/types\/post"}],"author":[{"embeddable":true,"href":"https:\/\/www.ifbaiano.edu.br\/unidades\/lapa\/wp-json\/wp\/v2\/users\/100"}],"replies":[{"embeddable":true,"href":"https:\/\/www.ifbaiano.edu.br\/unidades\/lapa\/wp-json\/wp\/v2\/comments?post=12646"}],"version-history":[{"count":3,"href":"https:\/\/www.ifbaiano.edu.br\/unidades\/lapa\/wp-json\/wp\/v2\/posts\/12646\/revisions"}],"predecessor-version":[{"id":12666,"href":"https:\/\/www.ifbaiano.edu.br\/unidades\/lapa\/wp-json\/wp\/v2\/posts\/12646\/revisions\/12666"}],"wp:featuredmedia":[{"embeddable":true,"href":"https:\/\/www.ifbaiano.edu.br\/unidades\/lapa\/wp-json\/wp\/v2\/media\/12659"}],"wp:attachment":[{"href":"https:\/\/www.ifbaiano.edu.br\/unidades\/lapa\/wp-json\/wp\/v2\/media?parent=12646"}],"wp:term":[{"taxonomy":"category","embeddable":true,"href":"https:\/\/www.ifbaiano.edu.br\/unidades\/lapa\/wp-json\/wp\/v2\/categories?post=12646"},{"taxonomy":"post_tag","embeddable":true,"href":"https:\/\/www.ifbaiano.edu.br\/unidades\/lapa\/wp-json\/wp\/v2\/tags?post=12646"}],"curies":[{"name":"wp","href":"https:\/\/api.w.org\/{rel}","templated":true}]}}