{"id":12673,"date":"2019-04-22T17:01:58","date_gmt":"2019-04-22T20:01:58","guid":{"rendered":"http:\/\/www.ifbaiano.edu.br\/unidades\/lapa\/?p=12673"},"modified":"2019-04-22T17:01:58","modified_gmt":"2019-04-22T20:01:58","slug":"quarta-chamada-de-matriculas-educacao-matematica","status":"publish","type":"post","link":"https:\/\/www.ifbaiano.edu.br\/unidades\/lapa\/2019\/04\/22\/quarta-chamada-de-matriculas-educacao-matematica\/","title":{"rendered":"Quarta Chamada de Matr\u00edculas &#8211; Educa\u00e7\u00e3o Matem\u00e1tica"},"content":{"rendered":"\n<a href=\"http:\/\/www.ifbaiano.edu.br\/unidades\/lapa\/files\/2019\/04\/Quarta-chamada-matriculas-educacao-matematica.pdf\">Quarta Chamada de Matr\u00edculas &#8211; Educa\u00e7\u00e3o Matem\u00e1tica<\/a>\n","protected":false},"excerpt":{"rendered":"<p>Quarta Chamada de Matr\u00edculas &#8211; Educa\u00e7\u00e3o Matem\u00e1tica<\/p>\n","protected":false},"author":100,"featured_media":0,"comment_status":"open","ping_status":"open","sticky":false,"template":"","format":"standard","meta":[],"categories":[34,64,71,24,65],"tags":[],"_links":{"self":[{"href":"https:\/\/www.ifbaiano.edu.br\/unidades\/lapa\/wp-json\/wp\/v2\/posts\/12673"}],"collection":[{"href":"https:\/\/www.ifbaiano.edu.br\/unidades\/lapa\/wp-json\/wp\/v2\/posts"}],"about":[{"href":"https:\/\/www.ifbaiano.edu.br\/unidades\/lapa\/wp-json\/wp\/v2\/types\/post"}],"author":[{"embeddable":true,"href":"https:\/\/www.ifbaiano.edu.br\/unidades\/lapa\/wp-json\/wp\/v2\/users\/100"}],"replies":[{"embeddable":true,"href":"https:\/\/www.ifbaiano.edu.br\/unidades\/lapa\/wp-json\/wp\/v2\/comments?post=12673"}],"version-history":[{"count":2,"href":"https:\/\/www.ifbaiano.edu.br\/unidades\/lapa\/wp-json\/wp\/v2\/posts\/12673\/revisions"}],"predecessor-version":[{"id":12675,"href":"https:\/\/www.ifbaiano.edu.br\/unidades\/lapa\/wp-json\/wp\/v2\/posts\/12673\/revisions\/12675"}],"wp:attachment":[{"href":"https:\/\/www.ifbaiano.edu.br\/unidades\/lapa\/wp-json\/wp\/v2\/media?parent=12673"}],"wp:term":[{"taxonomy":"category","embeddable":true,"href":"https:\/\/www.ifbaiano.edu.br\/unidades\/lapa\/wp-json\/wp\/v2\/categories?post=12673"},{"taxonomy":"post_tag","embeddable":true,"href":"https:\/\/www.ifbaiano.edu.br\/unidades\/lapa\/wp-json\/wp\/v2\/tags?post=12673"}],"curies":[{"name":"wp","href":"https:\/\/api.w.org\/{rel}","templated":true}]}}