{"id":1268,"date":"2013-08-08T14:37:39","date_gmt":"2013-08-08T16:37:39","guid":{"rendered":"http:\/\/www.ifbaiano.edu.br\/unidades\/lapa\/?p=1268"},"modified":"2013-08-08T14:38:12","modified_gmt":"2013-08-08T16:38:12","slug":"concurso-de-redacao-inscricoes-abertas-para-estudantes-do-if-baiano","status":"publish","type":"post","link":"https:\/\/www.ifbaiano.edu.br\/unidades\/lapa\/2013\/08\/08\/concurso-de-redacao-inscricoes-abertas-para-estudantes-do-if-baiano\/","title":{"rendered":"Concurso de Reda\u00e7\u00e3o: Inscri\u00e7\u00f5es abertas para estudantes do IF Baiano"},"content":{"rendered":"<p align=\"JUSTIFY\">Inscri\u00e7\u00f5es at\u00e9 20 de agosto.<\/p>\n<p align=\"JUSTIFY\"><!--more-->De 30 de julho at\u00e9 20 de agosto de 2013, todos os estudantes do Instituto Federal Baiano (IF Baiano), regularmente matriculados, est\u00e3o convidados a participar do Concurso de Reda\u00e7\u00e3o referente \u00e0s comemora\u00e7\u00f5es do anivers\u00e1rio de 5 anos do Instituto com o tema \u201cMinha hist\u00f3ria no IF Baiano\u201d.<\/p>\n<p align=\"JUSTIFY\">A reda\u00e7\u00e3o dever\u00e1 ser manuscrita, em qualquer tipo de prosa, e conter, no m\u00e1ximo, 40 linhas. Cada candidato dever\u00e1 fazer seu texto em folha oficial anexa ao edital, escrever com caneta preta ou azul e caligrafia leg\u00edvel e identificar o texto com seu pseud\u00f4nimo, o curso e a turma em que estuda.<\/p>\n<p align=\"JUSTIFY\">Os textos ser\u00e3o classificados conforme os grupos I (estudantes do ensino superior), II (estudantes de ensino m\u00e9dio t\u00e9cnico integrado e subsequente) e III (estudantes do ensino m\u00e9dio proeja), classificando um total de 18 reda\u00e7\u00f5es e premiando 03 reda\u00e7\u00f5es (cada grupo ter\u00e1 um primeiro lugar e receber\u00e1 uma premia\u00e7\u00e3o).<\/p>\n<p align=\"JUSTIFY\">O resultado final ser\u00e1 divulgado no dia 10 de setembro. J\u00e1 a solenidade de premia\u00e7\u00e3o acontecer\u00e1 no dia 19 de setembro em Salvador.<\/p>\n<p align=\"JUSTIFY\">Acessem <a href=\"http:\/\/www.ifbaiano.edu.br\/reitoria\/wp-content\/uploads\/2013\/07\/Edital-Concurso-de-redacao2.pdf\">aqui<\/a> o edital.<\/p>\n<p align=\"JUSTIFY\">FONTE: ASCOM\/REITORIA<\/p>\n<p align=\"JUSTIFY\">\n","protected":false},"excerpt":{"rendered":"<p>Inscri\u00e7\u00f5es at\u00e9 20 de agosto.<\/p>\n","protected":false},"author":41,"featured_media":0,"comment_status":"open","ping_status":"open","sticky":false,"template":"","format":"standard","meta":[],"categories":[1],"tags":[],"_links":{"self":[{"href":"https:\/\/www.ifbaiano.edu.br\/unidades\/lapa\/wp-json\/wp\/v2\/posts\/1268"}],"collection":[{"href":"https:\/\/www.ifbaiano.edu.br\/unidades\/lapa\/wp-json\/wp\/v2\/posts"}],"about":[{"href":"https:\/\/www.ifbaiano.edu.br\/unidades\/lapa\/wp-json\/wp\/v2\/types\/post"}],"author":[{"embeddable":true,"href":"https:\/\/www.ifbaiano.edu.br\/unidades\/lapa\/wp-json\/wp\/v2\/users\/41"}],"replies":[{"embeddable":true,"href":"https:\/\/www.ifbaiano.edu.br\/unidades\/lapa\/wp-json\/wp\/v2\/comments?post=1268"}],"version-history":[{"count":2,"href":"https:\/\/www.ifbaiano.edu.br\/unidades\/lapa\/wp-json\/wp\/v2\/posts\/1268\/revisions"}],"predecessor-version":[{"id":1270,"href":"https:\/\/www.ifbaiano.edu.br\/unidades\/lapa\/wp-json\/wp\/v2\/posts\/1268\/revisions\/1270"}],"wp:attachment":[{"href":"https:\/\/www.ifbaiano.edu.br\/unidades\/lapa\/wp-json\/wp\/v2\/media?parent=1268"}],"wp:term":[{"taxonomy":"category","embeddable":true,"href":"https:\/\/www.ifbaiano.edu.br\/unidades\/lapa\/wp-json\/wp\/v2\/categories?post=1268"},{"taxonomy":"post_tag","embeddable":true,"href":"https:\/\/www.ifbaiano.edu.br\/unidades\/lapa\/wp-json\/wp\/v2\/tags?post=1268"}],"curies":[{"name":"wp","href":"https:\/\/api.w.org\/{rel}","templated":true}]}}