{"id":12728,"date":"2019-04-29T16:13:51","date_gmt":"2019-04-29T19:13:51","guid":{"rendered":"http:\/\/www.ifbaiano.edu.br\/unidades\/lapa\/?p=12728"},"modified":"2019-04-29T16:13:51","modified_gmt":"2019-04-29T19:13:51","slug":"prorrogacao-de-inscricoes-famif-2019","status":"publish","type":"post","link":"https:\/\/www.ifbaiano.edu.br\/unidades\/lapa\/2019\/04\/29\/prorrogacao-de-inscricoes-famif-2019\/","title":{"rendered":"Prorroga\u00e7\u00e3o de inscri\u00e7\u00f5es FAMIF 2019"},"content":{"rendered":"\n<figure class=\"wp-block-image\"><img decoding=\"async\" loading=\"lazy\" width=\"917\" height=\"681\" src=\"http:\/\/www.ifbaiano.edu.br\/unidades\/lapa\/files\/2019\/04\/marca-famif.jpg\" alt=\"FAMIF 2019\" class=\"wp-image-12734\" \/><\/figure>\n\n\n\n<p style=\"text-align:left\"><p style=\"text-align:justify\">As inscri\u00e7\u00f5es para o 1\u00ba Festival de Arte e M\u00fasica do IFBaiano &#8211; FAMIF Baiano 2019, foram prorrogadas e v\u00e3o at\u00e9 o dia 03 de maio. As inscri\u00e7\u00f5es podem ser feitas junto a Coordena\u00e7\u00e3o de Extens\u00e3o do <em>Campus<\/em>, l\u00e1 tamb\u00e9m \u00e9 poss\u00edvel obter mais informa\u00e7\u00f5es sobre o evento, bem como esclarecer eventuais d\u00favidas.<\/p><\/p>\n\n\n\n<p>Mais informa\u00e7\u00f5es nesse <a rel=\"noopener noreferrer\" href=\"http:\/\/ifbaiano.edu.br\/portal\/extensao\/famif-2019\/\" target=\"_blank\">link<\/a><\/p>\n","protected":false},"excerpt":{"rendered":"<p>As inscri\u00e7\u00f5es para o 1\u00ba Festival de Arte e M\u00fasica do IFBaiano &#8211; FAMIF Baiano 2019, foram prorrogadas e v\u00e3o at\u00e9 o dia 03 de maio. As inscri\u00e7\u00f5es podem ser feitas junto a Coordena\u00e7\u00e3o de Extens\u00e3o do Campus, l\u00e1 tamb\u00e9m \u00e9 poss\u00edvel obter mais informa\u00e7\u00f5es sobre o evento, bem como esclarecer eventuais d\u00favidas. Mais informa\u00e7\u00f5es [&hellip;]<\/p>\n","protected":false},"author":100,"featured_media":12734,"comment_status":"open","ping_status":"open","sticky":false,"template":"","format":"standard","meta":[],"categories":[64,30,24,65],"tags":[],"_links":{"self":[{"href":"https:\/\/www.ifbaiano.edu.br\/unidades\/lapa\/wp-json\/wp\/v2\/posts\/12728"}],"collection":[{"href":"https:\/\/www.ifbaiano.edu.br\/unidades\/lapa\/wp-json\/wp\/v2\/posts"}],"about":[{"href":"https:\/\/www.ifbaiano.edu.br\/unidades\/lapa\/wp-json\/wp\/v2\/types\/post"}],"author":[{"embeddable":true,"href":"https:\/\/www.ifbaiano.edu.br\/unidades\/lapa\/wp-json\/wp\/v2\/users\/100"}],"replies":[{"embeddable":true,"href":"https:\/\/www.ifbaiano.edu.br\/unidades\/lapa\/wp-json\/wp\/v2\/comments?post=12728"}],"version-history":[{"count":6,"href":"https:\/\/www.ifbaiano.edu.br\/unidades\/lapa\/wp-json\/wp\/v2\/posts\/12728\/revisions"}],"predecessor-version":[{"id":12735,"href":"https:\/\/www.ifbaiano.edu.br\/unidades\/lapa\/wp-json\/wp\/v2\/posts\/12728\/revisions\/12735"}],"wp:featuredmedia":[{"embeddable":true,"href":"https:\/\/www.ifbaiano.edu.br\/unidades\/lapa\/wp-json\/wp\/v2\/media\/12734"}],"wp:attachment":[{"href":"https:\/\/www.ifbaiano.edu.br\/unidades\/lapa\/wp-json\/wp\/v2\/media?parent=12728"}],"wp:term":[{"taxonomy":"category","embeddable":true,"href":"https:\/\/www.ifbaiano.edu.br\/unidades\/lapa\/wp-json\/wp\/v2\/categories?post=12728"},{"taxonomy":"post_tag","embeddable":true,"href":"https:\/\/www.ifbaiano.edu.br\/unidades\/lapa\/wp-json\/wp\/v2\/tags?post=12728"}],"curies":[{"name":"wp","href":"https:\/\/api.w.org\/{rel}","templated":true}]}}