{"id":12736,"date":"2019-04-29T16:40:36","date_gmt":"2019-04-29T19:40:36","guid":{"rendered":"http:\/\/www.ifbaiano.edu.br\/unidades\/lapa\/?p=12736"},"modified":"2019-04-29T16:41:31","modified_gmt":"2019-04-29T19:41:31","slug":"resultado-final-paise-2019","status":"publish","type":"post","link":"https:\/\/www.ifbaiano.edu.br\/unidades\/lapa\/2019\/04\/29\/resultado-final-paise-2019\/","title":{"rendered":"Resultado Final PAISE 2019"},"content":{"rendered":"\n<figure class=\"wp-block-image\"><img decoding=\"async\" loading=\"lazy\" width=\"1058\" height=\"595\" src=\"http:\/\/www.ifbaiano.edu.br\/unidades\/lapa\/files\/2019\/04\/cartaz_PAISE_2019_Resultado_Final.png\" alt=\"\" class=\"wp-image-12738\" \/><\/figure>\n\n\n\n<p style=\"text-align:justify\">\n\nSegue o resultado final da sele\u00e7\u00e3o do Programa de Assist\u00eancia e Inclus\u00e3o Social do Estudante (PAISE) no \u00e2mbito do C\u00e2mpus Bom Jesus da Lapa, apresentado pela Comiss\u00e3o Local de Assist\u00eancia Estudantil, conforme Edital n\u00ba 27, de&nbsp;13 de mar\u00e7o de 2019, da Reitoria deste Instituto.<br><\/p>\n\n\n\n<div class=\"wp-block-file\"><a href=\"http:\/\/www.ifbaiano.edu.br\/unidades\/lapa\/files\/2019\/04\/Resultado_Final-PAISE_2019-1.pdf\" target=\"_blank\" rel=\"noopener noreferrer\">Resultado Final &#8211; PAISE 2019.1<\/a><\/div>\n","protected":false},"excerpt":{"rendered":"<p>Segue o resultado final da sele\u00e7\u00e3o do Programa de Assist\u00eancia e Inclus\u00e3o Social do Estudante (PAISE) no \u00e2mbito do C\u00e2mpus Bom Jesus da Lapa, apresentado pela Comiss\u00e3o Local de Assist\u00eancia Estudantil, conforme Edital n\u00ba 27, de&nbsp;13 de mar\u00e7o de 2019, da Reitoria deste Instituto.<\/p>\n","protected":false},"author":100,"featured_media":12738,"comment_status":"open","ping_status":"open","sticky":false,"template":"","format":"standard","meta":[],"categories":[32,34,64,24,65],"tags":[],"_links":{"self":[{"href":"https:\/\/www.ifbaiano.edu.br\/unidades\/lapa\/wp-json\/wp\/v2\/posts\/12736"}],"collection":[{"href":"https:\/\/www.ifbaiano.edu.br\/unidades\/lapa\/wp-json\/wp\/v2\/posts"}],"about":[{"href":"https:\/\/www.ifbaiano.edu.br\/unidades\/lapa\/wp-json\/wp\/v2\/types\/post"}],"author":[{"embeddable":true,"href":"https:\/\/www.ifbaiano.edu.br\/unidades\/lapa\/wp-json\/wp\/v2\/users\/100"}],"replies":[{"embeddable":true,"href":"https:\/\/www.ifbaiano.edu.br\/unidades\/lapa\/wp-json\/wp\/v2\/comments?post=12736"}],"version-history":[{"count":2,"href":"https:\/\/www.ifbaiano.edu.br\/unidades\/lapa\/wp-json\/wp\/v2\/posts\/12736\/revisions"}],"predecessor-version":[{"id":12740,"href":"https:\/\/www.ifbaiano.edu.br\/unidades\/lapa\/wp-json\/wp\/v2\/posts\/12736\/revisions\/12740"}],"wp:featuredmedia":[{"embeddable":true,"href":"https:\/\/www.ifbaiano.edu.br\/unidades\/lapa\/wp-json\/wp\/v2\/media\/12738"}],"wp:attachment":[{"href":"https:\/\/www.ifbaiano.edu.br\/unidades\/lapa\/wp-json\/wp\/v2\/media?parent=12736"}],"wp:term":[{"taxonomy":"category","embeddable":true,"href":"https:\/\/www.ifbaiano.edu.br\/unidades\/lapa\/wp-json\/wp\/v2\/categories?post=12736"},{"taxonomy":"post_tag","embeddable":true,"href":"https:\/\/www.ifbaiano.edu.br\/unidades\/lapa\/wp-json\/wp\/v2\/tags?post=12736"}],"curies":[{"name":"wp","href":"https:\/\/api.w.org\/{rel}","templated":true}]}}