{"id":12772,"date":"2019-05-02T08:47:54","date_gmt":"2019-05-02T11:47:54","guid":{"rendered":"http:\/\/www.ifbaiano.edu.br\/unidades\/lapa\/?p=12772"},"modified":"2019-05-02T08:48:44","modified_gmt":"2019-05-02T11:48:44","slug":"relacao-de-estudantes-selecionados-para-o-projeto-de-extensao-grupo-de-teatro","status":"publish","type":"post","link":"https:\/\/www.ifbaiano.edu.br\/unidades\/lapa\/2019\/05\/02\/relacao-de-estudantes-selecionados-para-o-projeto-de-extensao-grupo-de-teatro\/","title":{"rendered":"Rela\u00e7\u00e3o de estudantes selecionados para o Projeto de Extens\u00e3o Grupo de Teatro"},"content":{"rendered":"\n<p style=\"text-align:justify\">\n\nA Coordena\u00e7\u00e3o do Grupo de Teatro do <em>Campus<\/em> Bom Jesus da Lapa torna p\u00fablica a rela\u00e7\u00e3o de estudantes selecionados para o projeto no ano de 2019. Na oportunidade, comunica que nesta sexta-feira, dia&nbsp;03 de maio, ser\u00e3o iniciadas as atividades do grupo.<br><\/p>\n\n\n\n<div class=\"wp-block-file\"><a href=\"http:\/\/www.ifbaiano.edu.br\/unidades\/lapa\/files\/2019\/05\/RESULTADO_TEATRO.pdf\" target=\"_blank\" rel=\"noopener noreferrer\">RESULTADO TEATRO<\/a><\/div>\n","protected":false},"excerpt":{"rendered":"<p>A Coordena\u00e7\u00e3o do Grupo de Teatro do Campus Bom Jesus da Lapa torna p\u00fablica a rela\u00e7\u00e3o de estudantes selecionados para o projeto no ano de 2019. Na oportunidade, comunica que nesta sexta-feira, dia&nbsp;03 de maio, ser\u00e3o iniciadas as atividades do grupo.<\/p>\n","protected":false},"author":100,"featured_media":0,"comment_status":"open","ping_status":"open","sticky":false,"template":"","format":"standard","meta":[],"categories":[64,24,40,65],"tags":[],"_links":{"self":[{"href":"https:\/\/www.ifbaiano.edu.br\/unidades\/lapa\/wp-json\/wp\/v2\/posts\/12772"}],"collection":[{"href":"https:\/\/www.ifbaiano.edu.br\/unidades\/lapa\/wp-json\/wp\/v2\/posts"}],"about":[{"href":"https:\/\/www.ifbaiano.edu.br\/unidades\/lapa\/wp-json\/wp\/v2\/types\/post"}],"author":[{"embeddable":true,"href":"https:\/\/www.ifbaiano.edu.br\/unidades\/lapa\/wp-json\/wp\/v2\/users\/100"}],"replies":[{"embeddable":true,"href":"https:\/\/www.ifbaiano.edu.br\/unidades\/lapa\/wp-json\/wp\/v2\/comments?post=12772"}],"version-history":[{"count":3,"href":"https:\/\/www.ifbaiano.edu.br\/unidades\/lapa\/wp-json\/wp\/v2\/posts\/12772\/revisions"}],"predecessor-version":[{"id":12776,"href":"https:\/\/www.ifbaiano.edu.br\/unidades\/lapa\/wp-json\/wp\/v2\/posts\/12772\/revisions\/12776"}],"wp:attachment":[{"href":"https:\/\/www.ifbaiano.edu.br\/unidades\/lapa\/wp-json\/wp\/v2\/media?parent=12772"}],"wp:term":[{"taxonomy":"category","embeddable":true,"href":"https:\/\/www.ifbaiano.edu.br\/unidades\/lapa\/wp-json\/wp\/v2\/categories?post=12772"},{"taxonomy":"post_tag","embeddable":true,"href":"https:\/\/www.ifbaiano.edu.br\/unidades\/lapa\/wp-json\/wp\/v2\/tags?post=12772"}],"curies":[{"name":"wp","href":"https:\/\/api.w.org\/{rel}","templated":true}]}}