{"id":12781,"date":"2019-05-03T17:15:30","date_gmt":"2019-05-03T20:15:30","guid":{"rendered":"http:\/\/www.ifbaiano.edu.br\/unidades\/lapa\/?p=12781"},"modified":"2019-05-03T17:18:06","modified_gmt":"2019-05-03T20:18:06","slug":"festival-de-arte-e-musica-do-if-baiano-famif","status":"publish","type":"post","link":"https:\/\/www.ifbaiano.edu.br\/unidades\/lapa\/2019\/05\/03\/festival-de-arte-e-musica-do-if-baiano-famif\/","title":{"rendered":"Festival de Arte e M\u00fasica do IF Baiano &#8211; FAMIF"},"content":{"rendered":"\n<figure class=\"wp-block-image\"><img decoding=\"async\" loading=\"lazy\" width=\"917\" height=\"681\" src=\"http:\/\/www.ifbaiano.edu.br\/unidades\/lapa\/files\/2019\/04\/marca-famif.jpg\" alt=\"\" class=\"wp-image-12734\" \/><\/figure>\n\n\n\n<p style=\"text-align:justify\">\n\nComunicamos que no pr\u00f3ximo dia&nbsp;09 de maio, nos turnos matutino e vespertino, conforme decis\u00e3o colegiada entre os coordenadores de curso, ser\u00e1 realizado o FAMIF, Festival de Arte e M\u00fasica do IF Baiano.&nbsp;O evento \u00e9 uma a\u00e7\u00e3o institucional, desenvolvida a partir de uma iniciativa da Pr\u00f3-Reitoria de Extens\u00e3o do IF Baiano. Ser\u00e3o duas etapas: uma local (no pr\u00f3ximo dia 09) e outra estadual, envolvendo todos os campi, entre os dias 3 e&nbsp;5 de junho&nbsp;de 2019. A etapa estadual ser\u00e1 realizada em Salvador, integrando os finalistas de cada Campus.&nbsp; O&nbsp;objetivo \u00e9 fortalecer as bases socioculturais e art\u00edsticas, ao contemplar as diversidades existentes nos territ\u00f3rios nos quais est\u00e3o instalados os 14 Campi e Reitoria,&nbsp; estimulando o interesse de discentes e servidores(as)\/colaboradores(as) do IF Baiano pelas artes e culturas baiana e brasileira.<br>As atividades contemplam:<\/p>\n\n\n\n<ul><li><strong>CATEGORIAS<\/strong><br>1) Discente regular e egresso;<br>2) Servidor (a), Colaborador(a) \u2013 Terceirizado(a) e estagi\u00e1rio(a).<\/li><\/ul>\n\n\n\n<ul><li><strong>FORMATOS DE APRESENTA\u00c7\u00c3O<\/strong><br>1) Interpreta\u00e7\u00e3o musical instrumental e\/ou vocal \u2013 autoral e n\u00e3o-autoral (cada uma tem seu pr\u00f3prio barema)<br>2) Performances art\u00edsticas: declama\u00e7\u00e3o de poema\/poesia autoral, teatro, stand up comedy, arte circense ou dan\u00e7a (barema \u00fanico)<\/li><li><strong>MODALIDADES<\/strong><br>Apresenta\u00e7\u00e3o individual<br>Apresenta\u00e7\u00e3o em grupo (dupla, trio ou quarteto)<\/li><\/ul>\n","protected":false},"excerpt":{"rendered":"<p>Comunicamos que no pr\u00f3ximo dia&nbsp;09 de maio, nos turnos matutino e vespertino, conforme decis\u00e3o colegiada entre os coordenadores de curso, ser\u00e1 realizado o FAMIF, Festival de Arte e M\u00fasica do IF Baiano.&nbsp;O evento \u00e9 uma a\u00e7\u00e3o institucional, desenvolvida a partir de uma iniciativa da Pr\u00f3-Reitoria de Extens\u00e3o do IF Baiano. Ser\u00e3o duas etapas: uma local [&hellip;]<\/p>\n","protected":false},"author":100,"featured_media":12734,"comment_status":"open","ping_status":"open","sticky":false,"template":"","format":"standard","meta":[],"categories":[64,40,65],"tags":[],"_links":{"self":[{"href":"https:\/\/www.ifbaiano.edu.br\/unidades\/lapa\/wp-json\/wp\/v2\/posts\/12781"}],"collection":[{"href":"https:\/\/www.ifbaiano.edu.br\/unidades\/lapa\/wp-json\/wp\/v2\/posts"}],"about":[{"href":"https:\/\/www.ifbaiano.edu.br\/unidades\/lapa\/wp-json\/wp\/v2\/types\/post"}],"author":[{"embeddable":true,"href":"https:\/\/www.ifbaiano.edu.br\/unidades\/lapa\/wp-json\/wp\/v2\/users\/100"}],"replies":[{"embeddable":true,"href":"https:\/\/www.ifbaiano.edu.br\/unidades\/lapa\/wp-json\/wp\/v2\/comments?post=12781"}],"version-history":[{"count":2,"href":"https:\/\/www.ifbaiano.edu.br\/unidades\/lapa\/wp-json\/wp\/v2\/posts\/12781\/revisions"}],"predecessor-version":[{"id":12783,"href":"https:\/\/www.ifbaiano.edu.br\/unidades\/lapa\/wp-json\/wp\/v2\/posts\/12781\/revisions\/12783"}],"wp:featuredmedia":[{"embeddable":true,"href":"https:\/\/www.ifbaiano.edu.br\/unidades\/lapa\/wp-json\/wp\/v2\/media\/12734"}],"wp:attachment":[{"href":"https:\/\/www.ifbaiano.edu.br\/unidades\/lapa\/wp-json\/wp\/v2\/media?parent=12781"}],"wp:term":[{"taxonomy":"category","embeddable":true,"href":"https:\/\/www.ifbaiano.edu.br\/unidades\/lapa\/wp-json\/wp\/v2\/categories?post=12781"},{"taxonomy":"post_tag","embeddable":true,"href":"https:\/\/www.ifbaiano.edu.br\/unidades\/lapa\/wp-json\/wp\/v2\/tags?post=12781"}],"curies":[{"name":"wp","href":"https:\/\/api.w.org\/{rel}","templated":true}]}}