{"id":12828,"date":"2019-05-06T10:30:41","date_gmt":"2019-05-06T13:30:41","guid":{"rendered":"http:\/\/www.ifbaiano.edu.br\/unidades\/lapa\/?p=12828"},"modified":"2019-05-06T10:30:41","modified_gmt":"2019-05-06T13:30:41","slug":"publicacao-do-edital-pae-programa-de-auxilio-eventual-2019","status":"publish","type":"post","link":"https:\/\/www.ifbaiano.edu.br\/unidades\/lapa\/2019\/05\/06\/publicacao-do-edital-pae-programa-de-auxilio-eventual-2019\/","title":{"rendered":"Publica\u00e7\u00e3o do Edital PAE &#8211; Programa de Aux\u00edlio Eventual 2019"},"content":{"rendered":"\n<figure class=\"wp-block-image\"><img decoding=\"async\" loading=\"lazy\" width=\"1058\" height=\"595\" src=\"http:\/\/www.ifbaiano.edu.br\/unidades\/lapa\/files\/2019\/05\/cartaz.2019.png\" alt=\"\" class=\"wp-image-12831\" \/><\/figure>\n\n\n\n<p>A Coordena\u00e7\u00e3o de Assuntos Estudantis Publica do Edital PAE N\u00ba28\/2019.<br>AS INSCRI\u00c7\u00d5ES ser\u00e3o realizadas na sala sala da CAE. <\/p>\n\n\n\n<div class=\"wp-block-file\"><a href=\"http:\/\/www.ifbaiano.edu.br\/unidades\/lapa\/files\/2019\/05\/Edital_28-PAE_2019.pdf\" target=\"_blank\" rel=\"noopener noreferrer\">Edital 28 &#8211; PAE 2019<\/a><\/div>\n\n\n\n<div class=\"wp-block-file\"><a href=\"http:\/\/www.ifbaiano.edu.br\/unidades\/lapa\/files\/2019\/05\/Edital_PAE-Anexo_VIII-Limites_maximos_dos_auxilios.pdf\">Anexo VIII &#8211; Limites m\u00e1ximos dos aux\u00edlios<\/a><\/div>\n","protected":false},"excerpt":{"rendered":"<p>A Coordena\u00e7\u00e3o de Assuntos Estudantis Publica do Edital PAE N\u00ba28\/2019.AS INSCRI\u00c7\u00d5ES ser\u00e3o realizadas na sala sala da CAE.<\/p>\n","protected":false},"author":100,"featured_media":12831,"comment_status":"open","ping_status":"open","sticky":false,"template":"","format":"standard","meta":[],"categories":[32,64,24,65],"tags":[],"_links":{"self":[{"href":"https:\/\/www.ifbaiano.edu.br\/unidades\/lapa\/wp-json\/wp\/v2\/posts\/12828"}],"collection":[{"href":"https:\/\/www.ifbaiano.edu.br\/unidades\/lapa\/wp-json\/wp\/v2\/posts"}],"about":[{"href":"https:\/\/www.ifbaiano.edu.br\/unidades\/lapa\/wp-json\/wp\/v2\/types\/post"}],"author":[{"embeddable":true,"href":"https:\/\/www.ifbaiano.edu.br\/unidades\/lapa\/wp-json\/wp\/v2\/users\/100"}],"replies":[{"embeddable":true,"href":"https:\/\/www.ifbaiano.edu.br\/unidades\/lapa\/wp-json\/wp\/v2\/comments?post=12828"}],"version-history":[{"count":1,"href":"https:\/\/www.ifbaiano.edu.br\/unidades\/lapa\/wp-json\/wp\/v2\/posts\/12828\/revisions"}],"predecessor-version":[{"id":12832,"href":"https:\/\/www.ifbaiano.edu.br\/unidades\/lapa\/wp-json\/wp\/v2\/posts\/12828\/revisions\/12832"}],"wp:featuredmedia":[{"embeddable":true,"href":"https:\/\/www.ifbaiano.edu.br\/unidades\/lapa\/wp-json\/wp\/v2\/media\/12831"}],"wp:attachment":[{"href":"https:\/\/www.ifbaiano.edu.br\/unidades\/lapa\/wp-json\/wp\/v2\/media?parent=12828"}],"wp:term":[{"taxonomy":"category","embeddable":true,"href":"https:\/\/www.ifbaiano.edu.br\/unidades\/lapa\/wp-json\/wp\/v2\/categories?post=12828"},{"taxonomy":"post_tag","embeddable":true,"href":"https:\/\/www.ifbaiano.edu.br\/unidades\/lapa\/wp-json\/wp\/v2\/tags?post=12828"}],"curies":[{"name":"wp","href":"https:\/\/api.w.org\/{rel}","templated":true}]}}