{"id":1284,"date":"2013-08-08T18:23:26","date_gmt":"2013-08-08T20:23:26","guid":{"rendered":"http:\/\/www.ifbaiano.edu.br\/unidades\/lapa\/?p=1284"},"modified":"2013-08-08T22:09:33","modified_gmt":"2013-08-09T00:09:33","slug":"1chamada","status":"publish","type":"post","link":"https:\/\/www.ifbaiano.edu.br\/unidades\/lapa\/2013\/08\/08\/1chamada\/","title":{"rendered":"1\u00aa Chamada para matr\u00edculas no Curso T\u00e9cnico em Inform\u00e1tica"},"content":{"rendered":"<p>As matr\u00edculas para os aprovados t\u00eam in\u00edcio no pr\u00f3ximo dia 12 de agosto (segunda-feira)<\/p>\n<p><!--more--><\/p>\n<p><!--more--><br \/>\nO Diretor Geral do <strong>INSTITUTO FEDERAL DE EDUCA\u00c7\u00c3O CI\u00caNCIA E TECNOLOGIA BAIANO &#8211; CAMPUS BOM JESUS DA LAPA<\/strong>, no uso de suas atribui\u00e7\u00f5es legais, conforme lhe confere a Portaria N\u00ba 18 de 10 de fevereiro de 2010, D.O.U. de 11\/02\/2010, resolve<strong> CONVOCAR EM PRIMEIRA CHAMADA <\/strong>para efetiva\u00e7\u00e3o de suas MATR\u00cdCULAS, os candidatos relacionados na listagem anexa, aprovados no <strong>PROCESSO SELETIVO 2013.2 \u2013 Curso T\u00e9cnico Subsequente em Inform\u00e1tica.<\/strong><\/p>\n<p>&nbsp;<\/p>\n<p>Confira o edital <a href=\"http:\/\/www.ifbaiano.edu.br\/unidades\/lapa\/files\/2013\/08\/edital1.pdf\">aqui<\/a><\/p>\n<p>Confira a lista de convocados <a href=\"http:\/\/www.ifbaiano.edu.br\/unidades\/lapa\/files\/2013\/08\/lista-de-alunos.pdf\" target=\"_blank\">aqui.<\/a><\/p>\n<p>Formul\u00e1rio Socioecon\u00f4mico <a href=\"http:\/\/www.ifbaiano.edu.br\/unidades\/lapa\/files\/2013\/08\/SOCIOECONOMICO.pdf\" target=\"_blank\">aqui.<\/a><\/p>\n<p>&nbsp;<\/p>\n<p>DOCUMENTOS NECESS\u00c1RIOS:<\/p>\n<p>a) Question\u00e1rio socioecon\u00f4mico (anexo);<\/p>\n<p>b) Hist\u00f3rico Escolar do Ensino M\u00e9dio (c\u00f3pia autenticada);<\/p>\n<p>c) C\u00f3pia da Carteira de Identidade (com apresenta\u00e7\u00e3o do original);<\/p>\n<p>d) C\u00f3pia do CPF (com apresenta\u00e7\u00e3o do original);<\/p>\n<p>e) C\u00f3pia da Certid\u00e3o de Nascimento ou Casamento (com apresenta\u00e7\u00e3o do original);<\/p>\n<p>f) C\u00f3pia do T\u00edtulo de Eleitor (com apresenta\u00e7\u00e3o do original);<\/p>\n<p>g) Comprovante de quita\u00e7\u00e3o da \u00faltima elei\u00e7\u00e3o com a Justi\u00e7a Eleitoral (para maiores de 18 anos);<\/p>\n<p>h) C\u00f3pia do documento comprobat\u00f3rio de regularidade com o Servi\u00e7o Militar para os alunos do sexo masculino a partir dos 18 (dezoito) anos (com apresenta\u00e7\u00e3o do original);<\/p>\n<p>i) Procura\u00e7\u00e3o com firma reconhecida, quando a matr\u00edcula for efetuada por terceiros;<\/p>\n<p>j) C\u00f3pia do comprovante de resid\u00eancia (com apresenta\u00e7\u00e3o do original);<\/p>\n<p>k) 05 (cinco) fotos 3&#215;4 iguais e recentes;<\/p>\n<p>l) C\u00f3pia do CPF e RG dos respons\u00e1veis pelos menores de 18 (dezoito anos) (com apresenta\u00e7\u00e3o do original).<\/p>\n<p>&nbsp;<\/p>\n<p>FONTE: Departamento de Desenvolvimento Educacional<\/p>\n<p>&nbsp;<\/p>\n<p>&nbsp;<\/p>\n<p>&nbsp;<\/p>\n<p>&nbsp;<\/p>\n<p>&nbsp;<\/p>\n","protected":false},"excerpt":{"rendered":"<p>As matr\u00edculas para os aprovados t\u00eam in\u00edcio no pr\u00f3ximo dia 12 de agosto (segunda-feira)<\/p>\n","protected":false},"author":41,"featured_media":0,"comment_status":"open","ping_status":"open","sticky":false,"template":"","format":"standard","meta":[],"categories":[1],"tags":[],"_links":{"self":[{"href":"https:\/\/www.ifbaiano.edu.br\/unidades\/lapa\/wp-json\/wp\/v2\/posts\/1284"}],"collection":[{"href":"https:\/\/www.ifbaiano.edu.br\/unidades\/lapa\/wp-json\/wp\/v2\/posts"}],"about":[{"href":"https:\/\/www.ifbaiano.edu.br\/unidades\/lapa\/wp-json\/wp\/v2\/types\/post"}],"author":[{"embeddable":true,"href":"https:\/\/www.ifbaiano.edu.br\/unidades\/lapa\/wp-json\/wp\/v2\/users\/41"}],"replies":[{"embeddable":true,"href":"https:\/\/www.ifbaiano.edu.br\/unidades\/lapa\/wp-json\/wp\/v2\/comments?post=1284"}],"version-history":[{"count":9,"href":"https:\/\/www.ifbaiano.edu.br\/unidades\/lapa\/wp-json\/wp\/v2\/posts\/1284\/revisions"}],"predecessor-version":[{"id":1291,"href":"https:\/\/www.ifbaiano.edu.br\/unidades\/lapa\/wp-json\/wp\/v2\/posts\/1284\/revisions\/1291"}],"wp:attachment":[{"href":"https:\/\/www.ifbaiano.edu.br\/unidades\/lapa\/wp-json\/wp\/v2\/media?parent=1284"}],"wp:term":[{"taxonomy":"category","embeddable":true,"href":"https:\/\/www.ifbaiano.edu.br\/unidades\/lapa\/wp-json\/wp\/v2\/categories?post=1284"},{"taxonomy":"post_tag","embeddable":true,"href":"https:\/\/www.ifbaiano.edu.br\/unidades\/lapa\/wp-json\/wp\/v2\/tags?post=1284"}],"curies":[{"name":"wp","href":"https:\/\/api.w.org\/{rel}","templated":true}]}}