{"id":12867,"date":"2019-05-27T17:12:37","date_gmt":"2019-05-27T20:12:37","guid":{"rendered":"http:\/\/www.ifbaiano.edu.br\/unidades\/lapa\/?p=12867"},"modified":"2019-05-27T17:12:37","modified_gmt":"2019-05-27T20:12:37","slug":"convite-para-salas-tematicas","status":"publish","type":"post","link":"https:\/\/www.ifbaiano.edu.br\/unidades\/lapa\/2019\/05\/27\/convite-para-salas-tematicas\/","title":{"rendered":"Convite para Salas Tem\u00e1ticas"},"content":{"rendered":"\n<p style=\"text-align:justify\">Convidamos \u00e0 comunidade do IF Baiano campus Bom Jesus da Lapa para prestigiarem as apresenta\u00e7\u00f5es dos alunos dos Cursos Integrados (Salas Tem\u00e1ticas ) no dia 29 de Maio de 2019. Contamos com sua presen\u00e7a!<\/p>\n\n\n\n<figure class=\"wp-block-image\"><img decoding=\"async\" loading=\"lazy\" width=\"1024\" height=\"768\" src=\"http:\/\/www.ifbaiano.edu.br\/unidades\/lapa\/files\/2019\/05\/Convite_Salas_Tematicas-1.jpeg\" alt=\"Convite para Salas Tem\u00e1ticas\" class=\"wp-image-13161\" \/><\/figure>\n","protected":false},"excerpt":{"rendered":"<p>Convidamos \u00e0 comunidade do IF Baiano campus Bom Jesus da Lapa para prestigiarem as apresenta\u00e7\u00f5es dos alunos dos Cursos Integrados (Salas Tem\u00e1ticas ) no dia 29 de Maio de 2019. Contamos com sua presen\u00e7a!<\/p>\n","protected":false},"author":100,"featured_media":13161,"comment_status":"open","ping_status":"open","sticky":false,"template":"","format":"standard","meta":[],"categories":[64,30,24,65],"tags":[],"_links":{"self":[{"href":"https:\/\/www.ifbaiano.edu.br\/unidades\/lapa\/wp-json\/wp\/v2\/posts\/12867"}],"collection":[{"href":"https:\/\/www.ifbaiano.edu.br\/unidades\/lapa\/wp-json\/wp\/v2\/posts"}],"about":[{"href":"https:\/\/www.ifbaiano.edu.br\/unidades\/lapa\/wp-json\/wp\/v2\/types\/post"}],"author":[{"embeddable":true,"href":"https:\/\/www.ifbaiano.edu.br\/unidades\/lapa\/wp-json\/wp\/v2\/users\/100"}],"replies":[{"embeddable":true,"href":"https:\/\/www.ifbaiano.edu.br\/unidades\/lapa\/wp-json\/wp\/v2\/comments?post=12867"}],"version-history":[{"count":1,"href":"https:\/\/www.ifbaiano.edu.br\/unidades\/lapa\/wp-json\/wp\/v2\/posts\/12867\/revisions"}],"predecessor-version":[{"id":13162,"href":"https:\/\/www.ifbaiano.edu.br\/unidades\/lapa\/wp-json\/wp\/v2\/posts\/12867\/revisions\/13162"}],"wp:featuredmedia":[{"embeddable":true,"href":"https:\/\/www.ifbaiano.edu.br\/unidades\/lapa\/wp-json\/wp\/v2\/media\/13161"}],"wp:attachment":[{"href":"https:\/\/www.ifbaiano.edu.br\/unidades\/lapa\/wp-json\/wp\/v2\/media?parent=12867"}],"wp:term":[{"taxonomy":"category","embeddable":true,"href":"https:\/\/www.ifbaiano.edu.br\/unidades\/lapa\/wp-json\/wp\/v2\/categories?post=12867"},{"taxonomy":"post_tag","embeddable":true,"href":"https:\/\/www.ifbaiano.edu.br\/unidades\/lapa\/wp-json\/wp\/v2\/tags?post=12867"}],"curies":[{"name":"wp","href":"https:\/\/api.w.org\/{rel}","templated":true}]}}