{"id":1309,"date":"2013-08-16T12:18:24","date_gmt":"2013-08-16T14:18:24","guid":{"rendered":"http:\/\/www.ifbaiano.edu.br\/unidades\/lapa\/?p=1309"},"modified":"2013-08-16T12:18:24","modified_gmt":"2013-08-16T14:18:24","slug":"resultado-das-eleicoes-para-representantes-de-turmas-do-campus","status":"publish","type":"post","link":"https:\/\/www.ifbaiano.edu.br\/unidades\/lapa\/2013\/08\/16\/resultado-das-eleicoes-para-representantes-de-turmas-do-campus\/","title":{"rendered":"Resultado das Elei\u00e7\u00f5es para Representantes de Turmas do Campus"},"content":{"rendered":"<p>O N\u00facleo de Assist\u00eancia ao Educando informa \u00e0 comunidade acad\u00eamica o resultado das elei\u00e7\u00f5es para representantes de turmas:<\/p>\n<p><!--more--><\/p>\n<p>MATUTINO &#8211; Alo\u00edsio Brasileiro Rego J\u00fanior (Representante) e Sara Lu\u00edza Serafim Santos (Vice);<\/p>\n<p>VESPERTINO &#8211; N\u00e1gila Waldvogel Gringo da Silva (Representante) (N\u00e3o h\u00e1 vice eleito);<\/p>\n<p>NOTURNO &#8211; Cl\u00e9ia Rodrigues da Silva (Representante) e Samuel Pereira Coelho (Vice).<\/p>\n<p>&nbsp;<\/p>\n<p><strong>Fonte<\/strong>: N\u00facleo de Assist\u00eancia ao Educando<\/p>\n","protected":false},"excerpt":{"rendered":"<p>O N\u00facleo de Assist\u00eancia ao Educando informa \u00e0 comunidade acad\u00eamica o resultado das elei\u00e7\u00f5es para representantes de turmas:<\/p>\n","protected":false},"author":41,"featured_media":0,"comment_status":"open","ping_status":"open","sticky":false,"template":"","format":"standard","meta":[],"categories":[30],"tags":[],"_links":{"self":[{"href":"https:\/\/www.ifbaiano.edu.br\/unidades\/lapa\/wp-json\/wp\/v2\/posts\/1309"}],"collection":[{"href":"https:\/\/www.ifbaiano.edu.br\/unidades\/lapa\/wp-json\/wp\/v2\/posts"}],"about":[{"href":"https:\/\/www.ifbaiano.edu.br\/unidades\/lapa\/wp-json\/wp\/v2\/types\/post"}],"author":[{"embeddable":true,"href":"https:\/\/www.ifbaiano.edu.br\/unidades\/lapa\/wp-json\/wp\/v2\/users\/41"}],"replies":[{"embeddable":true,"href":"https:\/\/www.ifbaiano.edu.br\/unidades\/lapa\/wp-json\/wp\/v2\/comments?post=1309"}],"version-history":[{"count":2,"href":"https:\/\/www.ifbaiano.edu.br\/unidades\/lapa\/wp-json\/wp\/v2\/posts\/1309\/revisions"}],"predecessor-version":[{"id":1311,"href":"https:\/\/www.ifbaiano.edu.br\/unidades\/lapa\/wp-json\/wp\/v2\/posts\/1309\/revisions\/1311"}],"wp:attachment":[{"href":"https:\/\/www.ifbaiano.edu.br\/unidades\/lapa\/wp-json\/wp\/v2\/media?parent=1309"}],"wp:term":[{"taxonomy":"category","embeddable":true,"href":"https:\/\/www.ifbaiano.edu.br\/unidades\/lapa\/wp-json\/wp\/v2\/categories?post=1309"},{"taxonomy":"post_tag","embeddable":true,"href":"https:\/\/www.ifbaiano.edu.br\/unidades\/lapa\/wp-json\/wp\/v2\/tags?post=1309"}],"curies":[{"name":"wp","href":"https:\/\/api.w.org\/{rel}","templated":true}]}}