{"id":1312,"date":"2013-08-20T09:37:13","date_gmt":"2013-08-20T11:37:13","guid":{"rendered":"http:\/\/www.ifbaiano.edu.br\/unidades\/lapa\/?p=1312"},"modified":"2013-08-20T09:37:13","modified_gmt":"2013-08-20T11:37:13","slug":"segunda-chamada-de-matriculas-campus-lapa","status":"publish","type":"post","link":"https:\/\/www.ifbaiano.edu.br\/unidades\/lapa\/2013\/08\/20\/segunda-chamada-de-matriculas-campus-lapa\/","title":{"rendered":"Segunda Chamada de Matr\u00edculas &#8211; Campus Lapa"},"content":{"rendered":"<p>Estamos divulgando a segunda chamada de matr\u00edculas para ingresso 2013.2.<\/p>\n<p><!--more--><\/p>\n<p>As matr\u00edculas acontecer\u00e3o no per\u00edodo de 20 a 23 de agosto de 2013.<\/p>\n<p><a href=\"http:\/\/www.ifbaiano.edu.br\/unidades\/lapa\/files\/2013\/08\/segunda.pdf\">Clique aqui<\/a> e acesse a rela\u00e7\u00e3o dos convocados.<\/p>\n<p>&nbsp;<\/p>\n<p>Fonte: DDE<\/p>\n","protected":false},"excerpt":{"rendered":"<p>Estamos divulgando a segunda chamada de matr\u00edculas para ingresso 2013.2.<\/p>\n","protected":false},"author":41,"featured_media":0,"comment_status":"open","ping_status":"open","sticky":false,"template":"","format":"standard","meta":[],"categories":[1],"tags":[],"_links":{"self":[{"href":"https:\/\/www.ifbaiano.edu.br\/unidades\/lapa\/wp-json\/wp\/v2\/posts\/1312"}],"collection":[{"href":"https:\/\/www.ifbaiano.edu.br\/unidades\/lapa\/wp-json\/wp\/v2\/posts"}],"about":[{"href":"https:\/\/www.ifbaiano.edu.br\/unidades\/lapa\/wp-json\/wp\/v2\/types\/post"}],"author":[{"embeddable":true,"href":"https:\/\/www.ifbaiano.edu.br\/unidades\/lapa\/wp-json\/wp\/v2\/users\/41"}],"replies":[{"embeddable":true,"href":"https:\/\/www.ifbaiano.edu.br\/unidades\/lapa\/wp-json\/wp\/v2\/comments?post=1312"}],"version-history":[{"count":1,"href":"https:\/\/www.ifbaiano.edu.br\/unidades\/lapa\/wp-json\/wp\/v2\/posts\/1312\/revisions"}],"predecessor-version":[{"id":1314,"href":"https:\/\/www.ifbaiano.edu.br\/unidades\/lapa\/wp-json\/wp\/v2\/posts\/1312\/revisions\/1314"}],"wp:attachment":[{"href":"https:\/\/www.ifbaiano.edu.br\/unidades\/lapa\/wp-json\/wp\/v2\/media?parent=1312"}],"wp:term":[{"taxonomy":"category","embeddable":true,"href":"https:\/\/www.ifbaiano.edu.br\/unidades\/lapa\/wp-json\/wp\/v2\/categories?post=1312"},{"taxonomy":"post_tag","embeddable":true,"href":"https:\/\/www.ifbaiano.edu.br\/unidades\/lapa\/wp-json\/wp\/v2\/tags?post=1312"}],"curies":[{"name":"wp","href":"https:\/\/api.w.org\/{rel}","templated":true}]}}