{"id":13138,"date":"2019-05-24T19:42:45","date_gmt":"2019-05-24T22:42:45","guid":{"rendered":"http:\/\/www.ifbaiano.edu.br\/unidades\/lapa\/?p=13138"},"modified":"2019-05-27T08:46:57","modified_gmt":"2019-05-27T11:46:57","slug":"edital-de-processo-seletivo-para-vendas-ead","status":"publish","type":"post","link":"https:\/\/www.ifbaiano.edu.br\/unidades\/lapa\/2019\/05\/24\/edital-de-processo-seletivo-para-vendas-ead\/","title":{"rendered":"Edital de Processo Seletivo para Vendas EaD"},"content":{"rendered":"\n<p>Abertas inscri\u00e7\u00f5es  do processo para ingresso de estudantes em 2019.2 nos cursos da Educa\u00e7\u00e3o  Profissional T\u00e9cnica de N\u00edvel M\u00e9dio, na forma de oferta Subsequente ao  Ensino M\u00e9dio, para o curso de <strong>Vendas<\/strong>, na modalidade EaD, nos Campi e polos de apoio presencial, por meio de MANIFESTA\u00c7\u00c3O DE INTERESSE.<\/p>\n\n\n\n<div class=\"wp-block-file\"><a href=\"http:\/\/www.ifbaiano.edu.br\/unidades\/lapa\/files\/2019\/05\/Edital-Curso-de-Vendas-EaD_REVISADO.pdf\" target=\"_blank\" rel=\"noopener noreferrer\">Edital &#8211; Curso de Vendas EaD<\/a><\/div>\n\n\n\n<div class=\"wp-block-file\"><a href=\"http:\/\/www.ifbaiano.edu.br\/unidades\/lapa\/files\/2019\/05\/Retifica\u00e7\u00e3o-I-Edital-de-Vendas.pdf\" target=\"_blank\" rel=\"noopener noreferrer\">Retifica\u00e7\u00e3o I &#8211; Edital de Vendas<\/a><\/div>\n\n\n\n<div class=\"wp-block-file\"><a href=\"http:\/\/www.ifbaiano.edu.br\/unidades\/lapa\/files\/2019\/05\/Retifica\u00e7\u00e3o-II-Edital-de-Vendas.pdf\" target=\"_blank\" rel=\"noopener noreferrer\">Retifica\u00e7\u00e3o II &#8211; Edital de Vendas<\/a><\/div>\n\n\n\n<div class=\"wp-block-file\"><a href=\"http:\/\/concurso.ifbaiano.edu.br\/portal\/ead-vendas-maio-2019\/\" target=\"_blank\" rel=\"noopener noreferrer\">P\u00e1gina do Concurso<\/a><\/div>\n\n\n\n<div class=\"wp-block-file\"><a href=\"http:\/\/opinanovo.ifbaiano.edu.br\/index.php\/141534?lang=pt-BR\" target=\"_blank\" rel=\"noopener noreferrer\">Inscri\u00e7\u00e3o<\/a><\/div>\n","protected":false},"excerpt":{"rendered":"<p>Abertas inscri\u00e7\u00f5es do processo para ingresso de estudantes em 2019.2 nos cursos da Educa\u00e7\u00e3o Profissional T\u00e9cnica de N\u00edvel M\u00e9dio, na forma de oferta Subsequente ao Ensino M\u00e9dio, para o curso de Vendas, na modalidade EaD, nos Campi e polos de apoio presencial, por meio de MANIFESTA\u00c7\u00c3O DE INTERESSE. Edital &#8211; Curso de Vendas EaD Retifica\u00e7\u00e3o [&hellip;]<\/p>\n","protected":false},"author":100,"featured_media":13158,"comment_status":"open","ping_status":"open","sticky":false,"template":"","format":"standard","meta":[],"categories":[34,64,72,24,65],"tags":[],"_links":{"self":[{"href":"https:\/\/www.ifbaiano.edu.br\/unidades\/lapa\/wp-json\/wp\/v2\/posts\/13138"}],"collection":[{"href":"https:\/\/www.ifbaiano.edu.br\/unidades\/lapa\/wp-json\/wp\/v2\/posts"}],"about":[{"href":"https:\/\/www.ifbaiano.edu.br\/unidades\/lapa\/wp-json\/wp\/v2\/types\/post"}],"author":[{"embeddable":true,"href":"https:\/\/www.ifbaiano.edu.br\/unidades\/lapa\/wp-json\/wp\/v2\/users\/100"}],"replies":[{"embeddable":true,"href":"https:\/\/www.ifbaiano.edu.br\/unidades\/lapa\/wp-json\/wp\/v2\/comments?post=13138"}],"version-history":[{"count":6,"href":"https:\/\/www.ifbaiano.edu.br\/unidades\/lapa\/wp-json\/wp\/v2\/posts\/13138\/revisions"}],"predecessor-version":[{"id":13157,"href":"https:\/\/www.ifbaiano.edu.br\/unidades\/lapa\/wp-json\/wp\/v2\/posts\/13138\/revisions\/13157"}],"wp:featuredmedia":[{"embeddable":true,"href":"https:\/\/www.ifbaiano.edu.br\/unidades\/lapa\/wp-json\/wp\/v2\/media\/13158"}],"wp:attachment":[{"href":"https:\/\/www.ifbaiano.edu.br\/unidades\/lapa\/wp-json\/wp\/v2\/media?parent=13138"}],"wp:term":[{"taxonomy":"category","embeddable":true,"href":"https:\/\/www.ifbaiano.edu.br\/unidades\/lapa\/wp-json\/wp\/v2\/categories?post=13138"},{"taxonomy":"post_tag","embeddable":true,"href":"https:\/\/www.ifbaiano.edu.br\/unidades\/lapa\/wp-json\/wp\/v2\/tags?post=13138"}],"curies":[{"name":"wp","href":"https:\/\/api.w.org\/{rel}","templated":true}]}}