{"id":1318,"date":"2013-08-26T16:46:07","date_gmt":"2013-08-26T18:46:07","guid":{"rendered":"http:\/\/www.ifbaiano.edu.br\/unidades\/lapa\/?p=1318"},"modified":"2013-08-26T17:02:19","modified_gmt":"2013-08-26T19:02:19","slug":"mic-2013-submissao-de-minicursos-e-oficinas","status":"publish","type":"post","link":"https:\/\/www.ifbaiano.edu.br\/unidades\/lapa\/2013\/08\/26\/mic-2013-submissao-de-minicursos-e-oficinas\/","title":{"rendered":"MIC 2013: Submiss\u00e3o de Minicursos e Oficinas"},"content":{"rendered":"<p>O evento ocorrer\u00e1 entre os dias 21 e 24 de outubro de 2013.<!--more--><\/p>\n<p>A Mostra de Inicia\u00e7\u00e3o Cient\u00edfica-MIC do IFBaiano \u00e9 um evento promovido pela Pr\u00f3-Reitoria de Pesquisa e Inova\u00e7\u00e3o (PROPES) e de Extens\u00e3o (PROEX) do Instituto Federal de Educa\u00e7\u00e3o, Ci\u00eancia e Tecnologia Baiano, em conjunto com os Campi.<\/p>\n<p>Este ano o evento ocorrer\u00e1 entre os dias 21 e 24 de outubro de 2013, no Campus Senhor do Bonfim. Contar\u00e1 com palestras, oficinas, minicursos, mesas-redondas, apresenta\u00e7\u00f5es de trabalhos e atividades art\u00edstico-culturais.<\/p>\n<p>Os interessados em submeter propostas de minicursos e\/ou oficinas tem at\u00e9 o dia<strong>\u00a013 de setembro de 2013\u00a0<\/strong>para envio de proposta.<\/p>\n<p>&nbsp;<\/p>\n<p>Vejam\u00a0<a href=\"http:\/\/www.ifbaiano.edu.br\/unidades\/bonfim\/files\/2013\/08\/Chamada-de-Minicursos-e-oficinas_MIC_FECITEC.pdf\" target=\"_blank\">aqui<\/a>\u00a0as instru\u00e7\u00f5es para submiss\u00e3o de propostas.<\/p>\n<p>&nbsp;<\/p>\n<p><a href=\"http:\/\/www.ifbaiano.edu.br\/unidades\/lapa\/files\/2013\/08\/micCARTAZ.jpg\"><img decoding=\"async\" loading=\"lazy\" class=\"alignleft size-medium wp-image-1323\" src=\"http:\/\/www.ifbaiano.edu.br\/unidades\/lapa\/files\/2013\/08\/micCARTAZ-207x300.jpg\" alt=\"\" width=\"207\" height=\"300\" srcset=\"https:\/\/www.ifbaiano.edu.br\/unidades\/lapa\/files\/2013\/08\/micCARTAZ-207x300.jpg 207w, https:\/\/www.ifbaiano.edu.br\/unidades\/lapa\/files\/2013\/08\/micCARTAZ-709x1024.jpg 709w, https:\/\/www.ifbaiano.edu.br\/unidades\/lapa\/files\/2013\/08\/micCARTAZ-400x577.jpg 400w, https:\/\/www.ifbaiano.edu.br\/unidades\/lapa\/files\/2013\/08\/micCARTAZ.jpg 811w\" sizes=\"(max-width: 207px) 100vw, 207px\" \/><\/a><\/p>\n","protected":false},"excerpt":{"rendered":"<p>O evento ocorrer\u00e1 entre os dias 21 e 24 de outubro de 2013.<\/p>\n","protected":false},"author":41,"featured_media":0,"comment_status":"open","ping_status":"open","sticky":false,"template":"","format":"standard","meta":[],"categories":[1],"tags":[],"_links":{"self":[{"href":"https:\/\/www.ifbaiano.edu.br\/unidades\/lapa\/wp-json\/wp\/v2\/posts\/1318"}],"collection":[{"href":"https:\/\/www.ifbaiano.edu.br\/unidades\/lapa\/wp-json\/wp\/v2\/posts"}],"about":[{"href":"https:\/\/www.ifbaiano.edu.br\/unidades\/lapa\/wp-json\/wp\/v2\/types\/post"}],"author":[{"embeddable":true,"href":"https:\/\/www.ifbaiano.edu.br\/unidades\/lapa\/wp-json\/wp\/v2\/users\/41"}],"replies":[{"embeddable":true,"href":"https:\/\/www.ifbaiano.edu.br\/unidades\/lapa\/wp-json\/wp\/v2\/comments?post=1318"}],"version-history":[{"count":7,"href":"https:\/\/www.ifbaiano.edu.br\/unidades\/lapa\/wp-json\/wp\/v2\/posts\/1318\/revisions"}],"predecessor-version":[{"id":1322,"href":"https:\/\/www.ifbaiano.edu.br\/unidades\/lapa\/wp-json\/wp\/v2\/posts\/1318\/revisions\/1322"}],"wp:attachment":[{"href":"https:\/\/www.ifbaiano.edu.br\/unidades\/lapa\/wp-json\/wp\/v2\/media?parent=1318"}],"wp:term":[{"taxonomy":"category","embeddable":true,"href":"https:\/\/www.ifbaiano.edu.br\/unidades\/lapa\/wp-json\/wp\/v2\/categories?post=1318"},{"taxonomy":"post_tag","embeddable":true,"href":"https:\/\/www.ifbaiano.edu.br\/unidades\/lapa\/wp-json\/wp\/v2\/tags?post=1318"}],"curies":[{"name":"wp","href":"https:\/\/api.w.org\/{rel}","templated":true}]}}