{"id":13220,"date":"2019-06-14T15:34:59","date_gmt":"2019-06-14T18:34:59","guid":{"rendered":"http:\/\/www.ifbaiano.edu.br\/unidades\/lapa\/?p=13220"},"modified":"2019-06-14T15:57:25","modified_gmt":"2019-06-14T18:57:25","slug":"cronograma-curso-de-vendas-ead","status":"publish","type":"post","link":"https:\/\/www.ifbaiano.edu.br\/unidades\/lapa\/2019\/06\/14\/cronograma-curso-de-vendas-ead\/","title":{"rendered":"Cronograma Curso de Vendas &#8211; EaD"},"content":{"rendered":"\n<table border=\"1\"><tbody><tr><td>13\/06\/19&nbsp;a 14\/06\/19<\/td><td>PER\u00cdODO PARA INTERPOSI\u00c7\u00c3O DE RECURSOS \u00c0 CLASSIFICA\u00c7\u00c3O PRELIMINAR<\/td><\/tr><tr><td>17\/06\/19<\/td><td>PUBLICA\u00c7\u00c3O DA CLASSIFICA\u00c7\u00c3O FINAL<\/td><\/tr><tr><td>03\/07\/19&nbsp;a 05\/07\/19<\/td><td>PER\u00cdODO DE MATR\u00cdCULA DA 1\u00aa CHAMADA<\/td><\/tr><tr><td>09\/07\/19&nbsp;a 10\/07\/19<\/td><td>PER\u00cdODO DE MATR\u00cdCULA DA 2\u00aa CHAMADA (SE HOUVER)<\/td><\/tr><tr><td>12\/07\/19<br \/>(at\u00e9 as 14 horas)<\/td><td>&nbsp;PER\u00cdODO DE MATR\u00cdCULA DA 3\u00aa CHAMADA (SE HOUVER)<\/td><\/tr><\/tbody><\/table>\n","protected":false},"excerpt":{"rendered":"<p>13\/06\/19&nbsp;a 14\/06\/19 PER\u00cdODO PARA INTERPOSI\u00c7\u00c3O DE RECURSOS \u00c0 CLASSIFICA\u00c7\u00c3O PRELIMINAR 17\/06\/19 PUBLICA\u00c7\u00c3O DA CLASSIFICA\u00c7\u00c3O FINAL 03\/07\/19&nbsp;a 05\/07\/19 PER\u00cdODO DE MATR\u00cdCULA DA 1\u00aa CHAMADA 09\/07\/19&nbsp;a 10\/07\/19 PER\u00cdODO DE MATR\u00cdCULA DA 2\u00aa CHAMADA (SE HOUVER) 12\/07\/19(at\u00e9 as 14 horas) &nbsp;PER\u00cdODO DE MATR\u00cdCULA DA 3\u00aa CHAMADA (SE HOUVER)<\/p>\n","protected":false},"author":100,"featured_media":0,"comment_status":"open","ping_status":"open","sticky":false,"template":"","format":"standard","meta":[],"categories":[34,64,72,24,1,65],"tags":[],"_links":{"self":[{"href":"https:\/\/www.ifbaiano.edu.br\/unidades\/lapa\/wp-json\/wp\/v2\/posts\/13220"}],"collection":[{"href":"https:\/\/www.ifbaiano.edu.br\/unidades\/lapa\/wp-json\/wp\/v2\/posts"}],"about":[{"href":"https:\/\/www.ifbaiano.edu.br\/unidades\/lapa\/wp-json\/wp\/v2\/types\/post"}],"author":[{"embeddable":true,"href":"https:\/\/www.ifbaiano.edu.br\/unidades\/lapa\/wp-json\/wp\/v2\/users\/100"}],"replies":[{"embeddable":true,"href":"https:\/\/www.ifbaiano.edu.br\/unidades\/lapa\/wp-json\/wp\/v2\/comments?post=13220"}],"version-history":[{"count":6,"href":"https:\/\/www.ifbaiano.edu.br\/unidades\/lapa\/wp-json\/wp\/v2\/posts\/13220\/revisions"}],"predecessor-version":[{"id":13226,"href":"https:\/\/www.ifbaiano.edu.br\/unidades\/lapa\/wp-json\/wp\/v2\/posts\/13220\/revisions\/13226"}],"wp:attachment":[{"href":"https:\/\/www.ifbaiano.edu.br\/unidades\/lapa\/wp-json\/wp\/v2\/media?parent=13220"}],"wp:term":[{"taxonomy":"category","embeddable":true,"href":"https:\/\/www.ifbaiano.edu.br\/unidades\/lapa\/wp-json\/wp\/v2\/categories?post=13220"},{"taxonomy":"post_tag","embeddable":true,"href":"https:\/\/www.ifbaiano.edu.br\/unidades\/lapa\/wp-json\/wp\/v2\/tags?post=13220"}],"curies":[{"name":"wp","href":"https:\/\/api.w.org\/{rel}","templated":true}]}}