{"id":13227,"date":"2019-06-17T14:47:15","date_gmt":"2019-06-17T17:47:15","guid":{"rendered":"http:\/\/www.ifbaiano.edu.br\/unidades\/lapa\/?p=13227"},"modified":"2019-06-17T14:47:15","modified_gmt":"2019-06-17T17:47:15","slug":"edital-de-professor-substituto-de-educacao-fisica","status":"publish","type":"post","link":"https:\/\/www.ifbaiano.edu.br\/unidades\/lapa\/2019\/06\/17\/edital-de-professor-substituto-de-educacao-fisica\/","title":{"rendered":"Edital de Professor substituto de Educa\u00e7\u00e3o F\u00edsica"},"content":{"rendered":"<p style=\"text-align: justify\">O REITOR DO INSTITUTO FEDERAL DE EDUCA\u00c7\u00c3O, CI\u00caNCIA E TECNOLOGIA BAIANO \u2013 IF BAIANO, no uso de suas atribui\u00e7\u00f5es delegadas pelo Decreto de 25\/04\/2018, publicado no DOU de 26\/04\/2018, Se\u00e7\u00e3o 2, p\u00e1gina 1, no uso de suas disposi\u00e7\u00f5es legais, TORNA P\u00daBLICA a realiza\u00e7\u00e3o de Processo Seletivo Simplificado para a contrata\u00e7\u00e3o, por tempo determinado, de Professor Substituto para o cargo de Professor do Ensino B\u00e1sico, T\u00e9cnico e Tecnol\u00f3gico na \u00e1rea de Linguagens e suas atribui\u00e7\u00f5es \u2013 <strong>Educa\u00e7\u00e3o F\u00edsica<\/strong>, para atender as necessidades tempor\u00e1rias de interesse do Campus Bom Jesus da Lapa, conforme condi\u00e7\u00f5es estabelecidas em Edital<\/p>\n\n\n<p><a rel=\"noreferrer noopener\" href=\"http:\/\/concurso.ifbaiano.edu.br\/portal\/substituto-educacao-fisica-lapa-junho-2019\/wp-content\/uploads\/sites\/277\/2019\/06\/Edital-75-de-17-de-junho-2019.pdf\" target=\"_blank\">Edital 75\/2019<\/a><\/p>\n\n\n\n<p><a href=\"http:\/\/concurso.ifbaiano.edu.br\/portal\/substituto-educacao-fisica-lapa-junho-2019\/wp-content\/uploads\/sites\/277\/2019\/06\/Anexo-II-Edital-n%C2%BA-75.pdf\" target=\"_blank\" rel=\"noopener noreferrer\">Anexo II<\/a><\/p>\n\n\n\n<p><a href=\"http:\/\/concurso.ifbaiano.edu.br\/portal\/substituto-educacao-fisica-lapa-junho-2019\/\">P\u00e1gina do concurso<\/a><\/p>\n","protected":false},"excerpt":{"rendered":"<p>O REITOR DO INSTITUTO FEDERAL DE EDUCA\u00c7\u00c3O, CI\u00caNCIA E TECNOLOGIA BAIANO \u2013 IF BAIANO, no uso de suas atribui\u00e7\u00f5es delegadas pelo Decreto de 25\/04\/2018, publicado no DOU de 26\/04\/2018, Se\u00e7\u00e3o 2, p\u00e1gina 1, no uso de suas disposi\u00e7\u00f5es legais, TORNA P\u00daBLICA a realiza\u00e7\u00e3o de Processo Seletivo Simplificado para a contrata\u00e7\u00e3o, por tempo determinado, de Professor [&hellip;]<\/p>\n","protected":false},"author":100,"featured_media":0,"comment_status":"open","ping_status":"open","sticky":false,"template":"","format":"standard","meta":[],"categories":[34,64,24,65],"tags":[],"_links":{"self":[{"href":"https:\/\/www.ifbaiano.edu.br\/unidades\/lapa\/wp-json\/wp\/v2\/posts\/13227"}],"collection":[{"href":"https:\/\/www.ifbaiano.edu.br\/unidades\/lapa\/wp-json\/wp\/v2\/posts"}],"about":[{"href":"https:\/\/www.ifbaiano.edu.br\/unidades\/lapa\/wp-json\/wp\/v2\/types\/post"}],"author":[{"embeddable":true,"href":"https:\/\/www.ifbaiano.edu.br\/unidades\/lapa\/wp-json\/wp\/v2\/users\/100"}],"replies":[{"embeddable":true,"href":"https:\/\/www.ifbaiano.edu.br\/unidades\/lapa\/wp-json\/wp\/v2\/comments?post=13227"}],"version-history":[{"count":3,"href":"https:\/\/www.ifbaiano.edu.br\/unidades\/lapa\/wp-json\/wp\/v2\/posts\/13227\/revisions"}],"predecessor-version":[{"id":13230,"href":"https:\/\/www.ifbaiano.edu.br\/unidades\/lapa\/wp-json\/wp\/v2\/posts\/13227\/revisions\/13230"}],"wp:attachment":[{"href":"https:\/\/www.ifbaiano.edu.br\/unidades\/lapa\/wp-json\/wp\/v2\/media?parent=13227"}],"wp:term":[{"taxonomy":"category","embeddable":true,"href":"https:\/\/www.ifbaiano.edu.br\/unidades\/lapa\/wp-json\/wp\/v2\/categories?post=13227"},{"taxonomy":"post_tag","embeddable":true,"href":"https:\/\/www.ifbaiano.edu.br\/unidades\/lapa\/wp-json\/wp\/v2\/tags?post=13227"}],"curies":[{"name":"wp","href":"https:\/\/api.w.org\/{rel}","templated":true}]}}