{"id":13243,"date":"2019-06-19T12:19:17","date_gmt":"2019-06-19T15:19:17","guid":{"rendered":"http:\/\/www.ifbaiano.edu.br\/unidades\/lapa\/?p=13243"},"modified":"2019-06-25T12:29:36","modified_gmt":"2019-06-25T15:29:36","slug":"convocacao-para-a-reuniao-com-os-candidatos-da-lista-de-espera-para-o-preenchimento-de-vagas-sisu-2019-2","status":"publish","type":"post","link":"https:\/\/www.ifbaiano.edu.br\/unidades\/lapa\/2019\/06\/19\/convocacao-para-a-reuniao-com-os-candidatos-da-lista-de-espera-para-o-preenchimento-de-vagas-sisu-2019-2\/","title":{"rendered":"CONVOCA\u00c7\u00c3O PARA A REUNI\u00c3O COM OS CANDIDATOS DA LISTA DE ESPERA PARA O PREENCHIMENTO DE VAGAS \u2013 SISU\/2019.2"},"content":{"rendered":"\n<div class=\"wp-block-file\"><a href=\"http:\/\/www.ifbaiano.edu.br\/unidades\/lapa\/files\/2019\/06\/Edital_SISU_2019-2_-_LISTA_DE_ESPERA.pdf\" target=\"_blank\" rel=\"noopener noreferrer\">Edital SISU 2019.2 &#8211; LISTA DE ESPERA<\/a> (formato pdf, tamanho 114 KB)<\/div>\n","protected":false},"excerpt":{"rendered":"<p>Edital SISU 2019.2 &#8211; LISTA DE ESPERA (formato pdf, tamanho 114 KB)<\/p>\n","protected":false},"author":100,"featured_media":0,"comment_status":"open","ping_status":"open","sticky":false,"template":"","format":"standard","meta":[],"categories":[64,24,65],"tags":[],"_links":{"self":[{"href":"https:\/\/www.ifbaiano.edu.br\/unidades\/lapa\/wp-json\/wp\/v2\/posts\/13243"}],"collection":[{"href":"https:\/\/www.ifbaiano.edu.br\/unidades\/lapa\/wp-json\/wp\/v2\/posts"}],"about":[{"href":"https:\/\/www.ifbaiano.edu.br\/unidades\/lapa\/wp-json\/wp\/v2\/types\/post"}],"author":[{"embeddable":true,"href":"https:\/\/www.ifbaiano.edu.br\/unidades\/lapa\/wp-json\/wp\/v2\/users\/100"}],"replies":[{"embeddable":true,"href":"https:\/\/www.ifbaiano.edu.br\/unidades\/lapa\/wp-json\/wp\/v2\/comments?post=13243"}],"version-history":[{"count":3,"href":"https:\/\/www.ifbaiano.edu.br\/unidades\/lapa\/wp-json\/wp\/v2\/posts\/13243\/revisions"}],"predecessor-version":[{"id":13267,"href":"https:\/\/www.ifbaiano.edu.br\/unidades\/lapa\/wp-json\/wp\/v2\/posts\/13243\/revisions\/13267"}],"wp:attachment":[{"href":"https:\/\/www.ifbaiano.edu.br\/unidades\/lapa\/wp-json\/wp\/v2\/media?parent=13243"}],"wp:term":[{"taxonomy":"category","embeddable":true,"href":"https:\/\/www.ifbaiano.edu.br\/unidades\/lapa\/wp-json\/wp\/v2\/categories?post=13243"},{"taxonomy":"post_tag","embeddable":true,"href":"https:\/\/www.ifbaiano.edu.br\/unidades\/lapa\/wp-json\/wp\/v2\/tags?post=13243"}],"curies":[{"name":"wp","href":"https:\/\/api.w.org\/{rel}","templated":true}]}}