{"id":13246,"date":"2019-06-19T16:38:13","date_gmt":"2019-06-19T19:38:13","guid":{"rendered":"http:\/\/www.ifbaiano.edu.br\/unidades\/lapa\/?p=13246"},"modified":"2019-06-25T12:27:48","modified_gmt":"2019-06-25T15:27:48","slug":"expediente-do-campus-bom-jesus-da-lapa-no-recesso-academico","status":"publish","type":"post","link":"https:\/\/www.ifbaiano.edu.br\/unidades\/lapa\/2019\/06\/19\/expediente-do-campus-bom-jesus-da-lapa-no-recesso-academico\/","title":{"rendered":"Expediente do C\u00e2mpus Bom Jesus da Lapa no recesso acad\u00eamico"},"content":{"rendered":"\n<p style=\"text-align:right\"><p style=\"text-align:justify\">\n\nA Dire\u00e7\u00e3o-Geral do C\u00e2mpus Bom Jesus da Lapa informa que nos dias&nbsp;21\/06\/19&nbsp;e&nbsp;01\/07\/19&nbsp;n\u00e3o haver\u00e1 expediente no c\u00e2mpus.&nbsp;<br>No per\u00edodo de 25\/06 a&nbsp;28\/06\/19&nbsp;(recesso acad\u00eamico), o c\u00e2mpus funcionar\u00e1 em hor\u00e1rio especial, no regime ininterrupto das 07h30 \u00e0s 13h30.\n\n<\/p><\/p>\n\n\n\n<div class=\"wp-block-file\"><a href=\"http:\/\/www.ifbaiano.edu.br\/unidades\/lapa\/files\/2019\/06\/Oficio_Circular_13-2019.pdf\" target=\"_blank\" rel=\"noopener noreferrer\">Of\u00edcio Circular 13\/2019 <\/a> (formato pdf, tamanho 776 KB)<\/div>\n\n\n\n<div class=\"wp-block-file\"><a href=\"http:\/\/www.ifbaiano.edu.br\/unidades\/lapa\/files\/2019\/06\/Oficio_Circular_14-2019.pdf\" target=\"_blank\" rel=\"noopener noreferrer\">Of\u00edcio Circular 14\/2019 <\/a> (formato pdf, tamanho 1 MB)<\/div>\n\n\n\n<p>Fonte: Gabinete<\/p>\n","protected":false},"excerpt":{"rendered":"<p>A Dire\u00e7\u00e3o-Geral do C\u00e2mpus Bom Jesus da Lapa informa que nos dias&nbsp;21\/06\/19&nbsp;e&nbsp;01\/07\/19&nbsp;n\u00e3o haver\u00e1 expediente no c\u00e2mpus.&nbsp;No per\u00edodo de 25\/06 a&nbsp;28\/06\/19&nbsp;(recesso acad\u00eamico), o c\u00e2mpus funcionar\u00e1 em hor\u00e1rio especial, no regime ininterrupto das 07h30 \u00e0s 13h30. Of\u00edcio Circular 13\/2019 (formato pdf, tamanho 776 KB) Of\u00edcio Circular 14\/2019 (formato pdf, tamanho 1 MB) Fonte: Gabinete<\/p>\n","protected":false},"author":100,"featured_media":0,"comment_status":"open","ping_status":"open","sticky":false,"template":"","format":"standard","meta":[],"categories":[24,65],"tags":[],"_links":{"self":[{"href":"https:\/\/www.ifbaiano.edu.br\/unidades\/lapa\/wp-json\/wp\/v2\/posts\/13246"}],"collection":[{"href":"https:\/\/www.ifbaiano.edu.br\/unidades\/lapa\/wp-json\/wp\/v2\/posts"}],"about":[{"href":"https:\/\/www.ifbaiano.edu.br\/unidades\/lapa\/wp-json\/wp\/v2\/types\/post"}],"author":[{"embeddable":true,"href":"https:\/\/www.ifbaiano.edu.br\/unidades\/lapa\/wp-json\/wp\/v2\/users\/100"}],"replies":[{"embeddable":true,"href":"https:\/\/www.ifbaiano.edu.br\/unidades\/lapa\/wp-json\/wp\/v2\/comments?post=13246"}],"version-history":[{"count":8,"href":"https:\/\/www.ifbaiano.edu.br\/unidades\/lapa\/wp-json\/wp\/v2\/posts\/13246\/revisions"}],"predecessor-version":[{"id":13266,"href":"https:\/\/www.ifbaiano.edu.br\/unidades\/lapa\/wp-json\/wp\/v2\/posts\/13246\/revisions\/13266"}],"wp:attachment":[{"href":"https:\/\/www.ifbaiano.edu.br\/unidades\/lapa\/wp-json\/wp\/v2\/media?parent=13246"}],"wp:term":[{"taxonomy":"category","embeddable":true,"href":"https:\/\/www.ifbaiano.edu.br\/unidades\/lapa\/wp-json\/wp\/v2\/categories?post=13246"},{"taxonomy":"post_tag","embeddable":true,"href":"https:\/\/www.ifbaiano.edu.br\/unidades\/lapa\/wp-json\/wp\/v2\/tags?post=13246"}],"curies":[{"name":"wp","href":"https:\/\/api.w.org\/{rel}","templated":true}]}}