{"id":1329,"date":"2013-08-26T17:10:43","date_gmt":"2013-08-26T19:10:43","guid":{"rendered":"http:\/\/www.ifbaiano.edu.br\/unidades\/lapa\/?p=1329"},"modified":"2013-08-27T09:59:08","modified_gmt":"2013-08-27T11:59:08","slug":"terceira","status":"publish","type":"post","link":"https:\/\/www.ifbaiano.edu.br\/unidades\/lapa\/2013\/08\/26\/terceira\/","title":{"rendered":"Terceira Chamada de Matr\u00edculas \u2013 Campus Lapa"},"content":{"rendered":"<p>Acessem aqui o resultado.<!--more--><\/p>\n<p>Estamos divulgando a terceira chamada de matr\u00edculas para ingresso 2013.2.<\/p>\n<p>As matr\u00edculas acontecer\u00e3o nos dias 27 e 28 de agosto de 2013.<\/p>\n<p><a href=\"http:\/\/www.ifbaiano.edu.br\/unidades\/lapa\/files\/2013\/08\/Lista-3-chamada-INFORMATICA.pdf\" target=\"_blank\">Clique aqui<\/a>\u00a0e acesse a rela\u00e7\u00e3o dos convocados.<\/p>\n<p>Formul\u00e1rio Socioecon\u00f4mico\u00a0<a href=\"http:\/\/www.ifbaiano.edu.br\/unidades\/lapa\/files\/2013\/08\/SOCIOECONOMICO.pdf\" target=\"_blank\">aqui.<\/a><\/p>\n<p>&nbsp;<\/p>\n<p>DOCUMENTOS NECESS\u00c1RIOS:<\/p>\n<p>a) Question\u00e1rio socioecon\u00f4mico (anexo);<\/p>\n<p>b) Hist\u00f3rico Escolar do Ensino M\u00e9dio (com apresenta\u00e7\u00e3o do original);<\/p>\n<p>c) C\u00f3pia da Carteira de Identidade (com apresenta\u00e7\u00e3o do original);<\/p>\n<p>d) C\u00f3pia do CPF (com apresenta\u00e7\u00e3o do original);<\/p>\n<p>e) C\u00f3pia da Certid\u00e3o de Nascimento ou Casamento (com apresenta\u00e7\u00e3o do original);<\/p>\n<p>f) C\u00f3pia do T\u00edtulo de Eleitor (com apresenta\u00e7\u00e3o do original);<\/p>\n<p>g) Comprovante de quita\u00e7\u00e3o da \u00faltima elei\u00e7\u00e3o com a Justi\u00e7a Eleitoral (para maiores de 18 anos);<\/p>\n<p>h) C\u00f3pia do documento comprobat\u00f3rio de regularidade com o Servi\u00e7o Militar para os alunos do sexo masculino a partir dos 18 (dezoito) anos (com apresenta\u00e7\u00e3o do original);<\/p>\n<p>i) Procura\u00e7\u00e3o com firma reconhecida, quando a matr\u00edcula for efetuada por terceiros;<\/p>\n<p>j) C\u00f3pia do comprovante de resid\u00eancia (com apresenta\u00e7\u00e3o do original);<\/p>\n<p>k) 05 (cinco) fotos 3\u00d74 iguais e recentes;<\/p>\n<p>l) C\u00f3pia do CPF e RG dos respons\u00e1veis pelos menores de 18 (dezoito anos) (com apresenta\u00e7\u00e3o do original).<\/p>\n<p>&nbsp;<\/p>\n<p>FONTE: Departamento de Desenvolvimento Educacional<\/p>\n","protected":false},"excerpt":{"rendered":"<p>Acessem aqui o resultado.<\/p>\n","protected":false},"author":41,"featured_media":0,"comment_status":"open","ping_status":"open","sticky":false,"template":"","format":"standard","meta":[],"categories":[34],"tags":[],"_links":{"self":[{"href":"https:\/\/www.ifbaiano.edu.br\/unidades\/lapa\/wp-json\/wp\/v2\/posts\/1329"}],"collection":[{"href":"https:\/\/www.ifbaiano.edu.br\/unidades\/lapa\/wp-json\/wp\/v2\/posts"}],"about":[{"href":"https:\/\/www.ifbaiano.edu.br\/unidades\/lapa\/wp-json\/wp\/v2\/types\/post"}],"author":[{"embeddable":true,"href":"https:\/\/www.ifbaiano.edu.br\/unidades\/lapa\/wp-json\/wp\/v2\/users\/41"}],"replies":[{"embeddable":true,"href":"https:\/\/www.ifbaiano.edu.br\/unidades\/lapa\/wp-json\/wp\/v2\/comments?post=1329"}],"version-history":[{"count":6,"href":"https:\/\/www.ifbaiano.edu.br\/unidades\/lapa\/wp-json\/wp\/v2\/posts\/1329\/revisions"}],"predecessor-version":[{"id":1332,"href":"https:\/\/www.ifbaiano.edu.br\/unidades\/lapa\/wp-json\/wp\/v2\/posts\/1329\/revisions\/1332"}],"wp:attachment":[{"href":"https:\/\/www.ifbaiano.edu.br\/unidades\/lapa\/wp-json\/wp\/v2\/media?parent=1329"}],"wp:term":[{"taxonomy":"category","embeddable":true,"href":"https:\/\/www.ifbaiano.edu.br\/unidades\/lapa\/wp-json\/wp\/v2\/categories?post=1329"},{"taxonomy":"post_tag","embeddable":true,"href":"https:\/\/www.ifbaiano.edu.br\/unidades\/lapa\/wp-json\/wp\/v2\/tags?post=1329"}],"curies":[{"name":"wp","href":"https:\/\/api.w.org\/{rel}","templated":true}]}}