{"id":13294,"date":"2019-06-28T09:45:58","date_gmt":"2019-06-28T12:45:58","guid":{"rendered":"http:\/\/www.ifbaiano.edu.br\/unidades\/lapa\/?p=13294"},"modified":"2019-06-28T09:48:51","modified_gmt":"2019-06-28T12:48:51","slug":"convocacao-em-segunda-chamada-para-a-reuniao-com-os-candidatos-da-lista-de-espera-para-o-preenchimento-de-vagas-sisu-2019-2","status":"publish","type":"post","link":"https:\/\/www.ifbaiano.edu.br\/unidades\/lapa\/2019\/06\/28\/convocacao-em-segunda-chamada-para-a-reuniao-com-os-candidatos-da-lista-de-espera-para-o-preenchimento-de-vagas-sisu-2019-2\/","title":{"rendered":"CONVOCA\u00c7\u00c3O EM SEGUNDA CHAMADA PARA A REUNI\u00c3O COM OS CANDIDATOS DA LISTA DE ESPERA PARA O PREENCHIMENTO DE VAGAS \u2013 SISU\/2019.2"},"content":{"rendered":"\n<div class=\"wp-block-file\"><a href=\"http:\/\/www.ifbaiano.edu.br\/unidades\/lapa\/files\/2019\/06\/Edital_SISU_2019.2-LISTA_DE_ESPERA-SEGUNDA_CHAMADA.pdf\" target=\"_blank\" title=\"Edital SISU 2019.2 - LISTA DE ESPERA - SEGUNDA CHAMADA (formato pdf, tamanho 113 KB)\" rel=\"noopener noreferrer\">Edital SISU 2019.2 &#8211; LISTA DE ESPERA &#8211; SEGUNDA CHAMADA<\/a> (formato pdf, tamanho 113 KB)<\/div>\n","protected":false},"excerpt":{"rendered":"<p>Edital SISU 2019.2 &#8211; LISTA DE ESPERA &#8211; SEGUNDA CHAMADA (formato pdf, tamanho 113 KB)<\/p>\n","protected":false},"author":100,"featured_media":0,"comment_status":"open","ping_status":"open","sticky":false,"template":"","format":"standard","meta":[],"categories":[64,24,65],"tags":[],"_links":{"self":[{"href":"https:\/\/www.ifbaiano.edu.br\/unidades\/lapa\/wp-json\/wp\/v2\/posts\/13294"}],"collection":[{"href":"https:\/\/www.ifbaiano.edu.br\/unidades\/lapa\/wp-json\/wp\/v2\/posts"}],"about":[{"href":"https:\/\/www.ifbaiano.edu.br\/unidades\/lapa\/wp-json\/wp\/v2\/types\/post"}],"author":[{"embeddable":true,"href":"https:\/\/www.ifbaiano.edu.br\/unidades\/lapa\/wp-json\/wp\/v2\/users\/100"}],"replies":[{"embeddable":true,"href":"https:\/\/www.ifbaiano.edu.br\/unidades\/lapa\/wp-json\/wp\/v2\/comments?post=13294"}],"version-history":[{"count":3,"href":"https:\/\/www.ifbaiano.edu.br\/unidades\/lapa\/wp-json\/wp\/v2\/posts\/13294\/revisions"}],"predecessor-version":[{"id":13298,"href":"https:\/\/www.ifbaiano.edu.br\/unidades\/lapa\/wp-json\/wp\/v2\/posts\/13294\/revisions\/13298"}],"wp:attachment":[{"href":"https:\/\/www.ifbaiano.edu.br\/unidades\/lapa\/wp-json\/wp\/v2\/media?parent=13294"}],"wp:term":[{"taxonomy":"category","embeddable":true,"href":"https:\/\/www.ifbaiano.edu.br\/unidades\/lapa\/wp-json\/wp\/v2\/categories?post=13294"},{"taxonomy":"post_tag","embeddable":true,"href":"https:\/\/www.ifbaiano.edu.br\/unidades\/lapa\/wp-json\/wp\/v2\/tags?post=13294"}],"curies":[{"name":"wp","href":"https:\/\/api.w.org\/{rel}","templated":true}]}}