{"id":13300,"date":"2019-07-03T14:25:23","date_gmt":"2019-07-03T17:25:23","guid":{"rendered":"http:\/\/www.ifbaiano.edu.br\/unidades\/lapa\/?p=13300"},"modified":"2019-07-08T15:46:53","modified_gmt":"2019-07-08T18:46:53","slug":"chamada-de-matricula-curso-tecnico-em-vendas-ead","status":"publish","type":"post","link":"https:\/\/www.ifbaiano.edu.br\/unidades\/lapa\/2019\/07\/03\/chamada-de-matricula-curso-tecnico-em-vendas-ead\/","title":{"rendered":"Chamada de Matr\u00edcula Curso T\u00e9cnico em Vendas (EAD)"},"content":{"rendered":"\n<p><\/p>\n\n\n\n<p style=\"text-align:left\">\n\nO Diretor-Geral do Instituto Federal de Educa\u00e7\u00e3o Ci\u00eancia e Tecnologia Baiano \u2013 Campus Bom Jesus\nda Lapa, no uso de suas atribui\u00e7\u00f5es legais delegadas pela Portaria n\u00ba 446 de 19\/03\/2018, publicada\nno D.O.U. de 20\/03\/2018, Se\u00e7\u00e3o 2, p\u00e1gina 54,, torna p\u00fablico o per\u00edodo e normas de Matr\u00edcula para o\nsegundo semestre de 2019 para os alunos do Curso T\u00e9cnico Subsequente em Vendas EaD,\naprovados no Processo Seletivo de Ingresso de Estudantes 2019, atrav\u00e9s do Edital n\u00ba 55, de 25 de\nabril de 2019.\n\n<\/p>\n\n\n\n<p><strong>A matr\u00edcula ser\u00e1 efetuada no Polo Ead do IFBaiano <em>C\u00e2mpus<\/em> Bom Jesus da Lapa<\/strong>, conforme lista de aprovados no respectivo Processo Seletivo para ingresso de Estudantes. <\/p>\n\n\n\n<p>Cronograma de matr\u00edcula para candidatos convocados para preenchimento de vaga: <\/p>\n\n\n\n<p><strong>CHAMADAS PER\u00cdODO DE MATR\u00cdCULA HOR\u00c1RIO DE FUNCIONAMENTO<\/strong><\/p>\n\n\n\n<p> 1\u00aa chamada 03\/07\/19 a 05\/07\/19 &#8211; 07h30 \u00e0s 11h30 13h30 \u00e0s 17h30<\/p>\n\n\n\n<p> 2\u00aa chamada 08\/07\/19 a 09\/07\/19 &#8211; 07h30 \u00e0s 11h30 13h30 \u00e0s 17h30<\/p>\n\n\n\n<p> 3\u00aa chamada 10\/07\/19 a 11\/07\/19 &#8211; 07h30 \u00e0s 11h30 13h30 \u00e0s 17h30 <\/p>\n\n\n\n<p><a href=\"http:\/\/concurso.ifbaiano.edu.br\/portal\/ead-vendas-maio-2019\/wp-content\/uploads\/sites\/270\/2019\/07\/Quadro-de-vagas-Bom-Jesus-da-Lapa.pdf\">Lista de Aprovados &#8211; Bom Jesus da Lapa (formato pdf, tamanho 128KB)<\/a><\/p>\n\n\n\n<p><a href=\"http:\/\/concurso.ifbaiano.edu.br\/portal\/ead-vendas-maio-2019\/wp-content\/uploads\/sites\/270\/2019\/06\/Edital-de-Matr\u00edcula-Bom-Jesus-da-Lapa.pdf\">Edital de Matr\u00edcula &#8211; Bom Jesus da Lapa (formato pdf, tamanho 149KB)<\/a> <\/p>\n\n\n\n<p><a href=\"http:\/\/concurso.ifbaiano.edu.br\/portal\/ead-vendas-maio-2019\/wp-content\/uploads\/sites\/270\/2019\/05\/Edital-n\u00ba-55-Curso-de-Vendas-EaD.pdf\">Edital N\u00ba 55 de 25 de Abril 2019 &#8211; Curso T\u00e9cnico em Vendas EAD (formato pdf, tamanho 260KB)<\/a><\/p>\n\n\n\n<p><\/p>\n\n\n\n<p>Para maiores informa\u00e7\u00f5es acesse o site <\/p>\n\n\n\n<p><a href=\"http:\/\/concurso.ifbaiano.edu.br\/portal\/ead-vendas-maio-2019\/\">http:\/\/concurso.ifbaiano.edu.br\/portal\/ead-vendas-maio-2019\/<\/a><\/p>\n\n\n\n<p><\/p>\n","protected":false},"excerpt":{"rendered":"<p>O Diretor-Geral do Instituto Federal de Educa\u00e7\u00e3o Ci\u00eancia e Tecnologia Baiano \u2013 Campus Bom Jesus da Lapa, no uso de suas atribui\u00e7\u00f5es legais delegadas pela Portaria n\u00ba 446 de 19\/03\/2018, publicada no D.O.U. de 20\/03\/2018, Se\u00e7\u00e3o 2, p\u00e1gina 54,, torna p\u00fablico o per\u00edodo e normas de Matr\u00edcula para o segundo semestre de 2019 para os [&hellip;]<\/p>\n","protected":false},"author":58,"featured_media":13306,"comment_status":"open","ping_status":"open","sticky":false,"template":"","format":"standard","meta":[],"categories":[34,64,24],"tags":[],"_links":{"self":[{"href":"https:\/\/www.ifbaiano.edu.br\/unidades\/lapa\/wp-json\/wp\/v2\/posts\/13300"}],"collection":[{"href":"https:\/\/www.ifbaiano.edu.br\/unidades\/lapa\/wp-json\/wp\/v2\/posts"}],"about":[{"href":"https:\/\/www.ifbaiano.edu.br\/unidades\/lapa\/wp-json\/wp\/v2\/types\/post"}],"author":[{"embeddable":true,"href":"https:\/\/www.ifbaiano.edu.br\/unidades\/lapa\/wp-json\/wp\/v2\/users\/58"}],"replies":[{"embeddable":true,"href":"https:\/\/www.ifbaiano.edu.br\/unidades\/lapa\/wp-json\/wp\/v2\/comments?post=13300"}],"version-history":[{"count":4,"href":"https:\/\/www.ifbaiano.edu.br\/unidades\/lapa\/wp-json\/wp\/v2\/posts\/13300\/revisions"}],"predecessor-version":[{"id":13307,"href":"https:\/\/www.ifbaiano.edu.br\/unidades\/lapa\/wp-json\/wp\/v2\/posts\/13300\/revisions\/13307"}],"wp:featuredmedia":[{"embeddable":true,"href":"https:\/\/www.ifbaiano.edu.br\/unidades\/lapa\/wp-json\/wp\/v2\/media\/13306"}],"wp:attachment":[{"href":"https:\/\/www.ifbaiano.edu.br\/unidades\/lapa\/wp-json\/wp\/v2\/media?parent=13300"}],"wp:term":[{"taxonomy":"category","embeddable":true,"href":"https:\/\/www.ifbaiano.edu.br\/unidades\/lapa\/wp-json\/wp\/v2\/categories?post=13300"},{"taxonomy":"post_tag","embeddable":true,"href":"https:\/\/www.ifbaiano.edu.br\/unidades\/lapa\/wp-json\/wp\/v2\/tags?post=13300"}],"curies":[{"name":"wp","href":"https:\/\/api.w.org\/{rel}","templated":true}]}}