{"id":13308,"date":"2019-07-04T14:23:51","date_gmt":"2019-07-04T17:23:51","guid":{"rendered":"http:\/\/www.ifbaiano.edu.br\/unidades\/lapa\/?p=13308"},"modified":"2020-01-13T10:51:25","modified_gmt":"2020-01-13T13:51:25","slug":"convocacao-em-terceira-chamada-para-a-reuniao-com-os-candidatos-da-lista-de-espera-para-o-preenchimento-de-vagas-sisu-2019-2-curso-engenharia-agronomica","status":"publish","type":"post","link":"https:\/\/www.ifbaiano.edu.br\/unidades\/lapa\/2019\/07\/04\/convocacao-em-terceira-chamada-para-a-reuniao-com-os-candidatos-da-lista-de-espera-para-o-preenchimento-de-vagas-sisu-2019-2-curso-engenharia-agronomica\/","title":{"rendered":"CONVOCA\u00c7\u00c3O EM TERCEIRA CHAMADA PARA A REUNI\u00c3O COM OS CANDIDATOS DA LISTA DE ESPERA PARA O PREENCHIMENTO DE VAGAS \u2013 SISU\/2019.2 &#8211; CURSO ENGENHARIA AGRON\u00d4MICA"},"content":{"rendered":"\n<p>Convoca\u00e7\u00e3o em terceira chamada para a reuni\u00e3o com os candidatos da lista de espera para o preenchimento de vagas &#8211; SISU 2019.2 a ser realizada dia 11 de julho de 2019 \u00e0s 9:00 horas no Audit\u00f3rio do Campus do Instituto Federal de Educa\u00e7\u00e3o, Ci\u00eancia e Tecnologia Baiano &#8211; Bom Jesus da Lapa<\/p>\n\n\n\n<p>Para maiores informa\u00e7\u00f5es, orienta\u00e7\u00f5es  e quadro de vagas acesse o documento abaixo:<\/p>\n\n\n\n<div class=\"wp-block-file\"><a href=\"http:\/\/www.ifbaiano.edu.br\/unidades\/lapa\/files\/2019\/07\/Edital-SISU-2019.2-LISTA-DE-ESPERA-TERCEIRA-CHAMADA.pdf\">Edital SISU 2019.2 &#8211; LISTA DE ESPERA &#8211; TERCEIRA CHAMADA  <br>(formato pdf, tamanho 114KB) <\/a><a href=\"http:\/\/www.ifbaiano.edu.br\/unidades\/lapa\/files\/2019\/07\/Edital-SISU-2019.2-LISTA-DE-ESPERA-TERCEIRA-CHAMADA.pdf\" class=\"wp-block-file__button\" download>Baixar<\/a><\/div>\n\n\n\n<p>Ap\u00f3s a reuni\u00e3o, a matr\u00edcula ser\u00e1 realizada na Secretaria de Registros Acad\u00eamicos do Instituto Federal de Educa\u00e7\u00e3o, Ci\u00eancia e Tecnologia Baiano \u2013 Bom Jesus da Lapa <\/p>\n\n\n\n<p><\/p>\n","protected":false},"excerpt":{"rendered":"<p>Convoca\u00e7\u00e3o em terceira chamada para a reuni\u00e3o com os candidatos da lista de espera para o preenchimento de vagas &#8211; SISU 2019.2 a ser realizada dia 11 de julho de 2019 \u00e0s 9:00 horas no Audit\u00f3rio do Campus do Instituto Federal de Educa\u00e7\u00e3o, Ci\u00eancia e Tecnologia Baiano &#8211; Bom Jesus da Lapa Para maiores informa\u00e7\u00f5es, [&hellip;]<\/p>\n","protected":false},"author":58,"featured_media":0,"comment_status":"open","ping_status":"open","sticky":false,"template":"","format":"standard","meta":[],"categories":[36,34,70,65],"tags":[],"_links":{"self":[{"href":"https:\/\/www.ifbaiano.edu.br\/unidades\/lapa\/wp-json\/wp\/v2\/posts\/13308"}],"collection":[{"href":"https:\/\/www.ifbaiano.edu.br\/unidades\/lapa\/wp-json\/wp\/v2\/posts"}],"about":[{"href":"https:\/\/www.ifbaiano.edu.br\/unidades\/lapa\/wp-json\/wp\/v2\/types\/post"}],"author":[{"embeddable":true,"href":"https:\/\/www.ifbaiano.edu.br\/unidades\/lapa\/wp-json\/wp\/v2\/users\/58"}],"replies":[{"embeddable":true,"href":"https:\/\/www.ifbaiano.edu.br\/unidades\/lapa\/wp-json\/wp\/v2\/comments?post=13308"}],"version-history":[{"count":4,"href":"https:\/\/www.ifbaiano.edu.br\/unidades\/lapa\/wp-json\/wp\/v2\/posts\/13308\/revisions"}],"predecessor-version":[{"id":15393,"href":"https:\/\/www.ifbaiano.edu.br\/unidades\/lapa\/wp-json\/wp\/v2\/posts\/13308\/revisions\/15393"}],"wp:attachment":[{"href":"https:\/\/www.ifbaiano.edu.br\/unidades\/lapa\/wp-json\/wp\/v2\/media?parent=13308"}],"wp:term":[{"taxonomy":"category","embeddable":true,"href":"https:\/\/www.ifbaiano.edu.br\/unidades\/lapa\/wp-json\/wp\/v2\/categories?post=13308"},{"taxonomy":"post_tag","embeddable":true,"href":"https:\/\/www.ifbaiano.edu.br\/unidades\/lapa\/wp-json\/wp\/v2\/tags?post=13308"}],"curies":[{"name":"wp","href":"https:\/\/api.w.org\/{rel}","templated":true}]}}