{"id":13324,"date":"2019-07-11T08:45:40","date_gmt":"2019-07-11T11:45:40","guid":{"rendered":"http:\/\/www.ifbaiano.edu.br\/unidades\/lapa\/?p=13324"},"modified":"2019-07-11T08:45:40","modified_gmt":"2019-07-11T11:45:40","slug":"i-simposio-sobre-educacao-inclusiva-no-territorio-velho-chico","status":"publish","type":"post","link":"https:\/\/www.ifbaiano.edu.br\/unidades\/lapa\/2019\/07\/11\/i-simposio-sobre-educacao-inclusiva-no-territorio-velho-chico\/","title":{"rendered":"I Simp\u00f3sio sobre Educa\u00e7\u00e3o Inclusiva no Territ\u00f3rio Velho Chico"},"content":{"rendered":"\n<p style=\"text-align:justify\">Acontecer\u00e1 no dia 19 de Julho de 2019 o I Simp\u00f3sio sobre Educa\u00e7\u00e3o Inclusiva no Territ\u00f3rio Velho Chico. P\u00fablico alvo: Profissionais da educa\u00e7\u00e3o especial inclusiva dos munic\u00edpios que comp\u00f5em o territ\u00f3rio. O evento ser\u00e1 realizado no audit\u00f3rio do campus das 8:00 as 17:00h e contar\u00e1 com credenciamento, palestras, relatos de experi\u00eancias, apresenta\u00e7\u00f5es culturais, oficinas e mini cursos relativos ao tema. Maiores informa\u00e7\u00f5es napne@lapa.ifbaiano.edu.br e <a href=\"(77) 3481-2521\">(77) 3481-2521<\/a>\u00a0e\u00a0<a href=\"(77) 3481-4513\">(77) 3481-4513<\/a>. <\/p>\n\n\n\n<figure class=\"wp-block-image\"><img decoding=\"async\" loading=\"lazy\" width=\"904\" height=\"1280\" src=\"http:\/\/www.ifbaiano.edu.br\/unidades\/lapa\/files\/2019\/07\/Simposio_educacao_inclusiva.jpeg\" alt=\"I Simp\u00f3sio sobre Educa\u00e7\u00e3o Inclusiva no Territ\u00f3rio Velho Chico\" class=\"wp-image-13325\" \/><\/figure>\n","protected":false},"excerpt":{"rendered":"<p>Acontecer\u00e1 no dia 19 de Julho de 2019 o I Simp\u00f3sio sobre Educa\u00e7\u00e3o Inclusiva no Territ\u00f3rio Velho Chico. P\u00fablico alvo: Profissionais da educa\u00e7\u00e3o especial inclusiva dos munic\u00edpios que comp\u00f5em o territ\u00f3rio. O evento ser\u00e1 realizado no audit\u00f3rio do campus das 8:00 as 17:00h e contar\u00e1 com credenciamento, palestras, relatos de experi\u00eancias, apresenta\u00e7\u00f5es culturais, oficinas e [&hellip;]<\/p>\n","protected":false},"author":100,"featured_media":13325,"comment_status":"open","ping_status":"open","sticky":false,"template":"","format":"standard","meta":[],"categories":[64,24,65],"tags":[],"_links":{"self":[{"href":"https:\/\/www.ifbaiano.edu.br\/unidades\/lapa\/wp-json\/wp\/v2\/posts\/13324"}],"collection":[{"href":"https:\/\/www.ifbaiano.edu.br\/unidades\/lapa\/wp-json\/wp\/v2\/posts"}],"about":[{"href":"https:\/\/www.ifbaiano.edu.br\/unidades\/lapa\/wp-json\/wp\/v2\/types\/post"}],"author":[{"embeddable":true,"href":"https:\/\/www.ifbaiano.edu.br\/unidades\/lapa\/wp-json\/wp\/v2\/users\/100"}],"replies":[{"embeddable":true,"href":"https:\/\/www.ifbaiano.edu.br\/unidades\/lapa\/wp-json\/wp\/v2\/comments?post=13324"}],"version-history":[{"count":1,"href":"https:\/\/www.ifbaiano.edu.br\/unidades\/lapa\/wp-json\/wp\/v2\/posts\/13324\/revisions"}],"predecessor-version":[{"id":13326,"href":"https:\/\/www.ifbaiano.edu.br\/unidades\/lapa\/wp-json\/wp\/v2\/posts\/13324\/revisions\/13326"}],"wp:featuredmedia":[{"embeddable":true,"href":"https:\/\/www.ifbaiano.edu.br\/unidades\/lapa\/wp-json\/wp\/v2\/media\/13325"}],"wp:attachment":[{"href":"https:\/\/www.ifbaiano.edu.br\/unidades\/lapa\/wp-json\/wp\/v2\/media?parent=13324"}],"wp:term":[{"taxonomy":"category","embeddable":true,"href":"https:\/\/www.ifbaiano.edu.br\/unidades\/lapa\/wp-json\/wp\/v2\/categories?post=13324"},{"taxonomy":"post_tag","embeddable":true,"href":"https:\/\/www.ifbaiano.edu.br\/unidades\/lapa\/wp-json\/wp\/v2\/tags?post=13324"}],"curies":[{"name":"wp","href":"https:\/\/api.w.org\/{rel}","templated":true}]}}