{"id":13351,"date":"2019-07-12T14:36:51","date_gmt":"2019-07-12T17:36:51","guid":{"rendered":"http:\/\/www.ifbaiano.edu.br\/unidades\/lapa\/?p=13351"},"modified":"2019-07-30T15:05:06","modified_gmt":"2019-07-30T18:05:06","slug":"campus-bom-jesus-da-lapa-realizara-dia-de-campo-em-viticultura","status":"publish","type":"post","link":"https:\/\/www.ifbaiano.edu.br\/unidades\/lapa\/2019\/07\/12\/campus-bom-jesus-da-lapa-realizara-dia-de-campo-em-viticultura\/","title":{"rendered":"Campus Bom Jesus da Lapa realizar\u00e1 Dia de Campo em viticultura"},"content":{"rendered":"\n<p>No pr\u00f3ximo dia 3 de agosto 2019, o Campus Bom Jesus da Lapa realizar\u00e1 Dia de Campo em Viticultura. A atividade busca socializar os resultados de projeto de pesquisa desenvolvido no Campus e proporcionar a inter-rela\u00e7\u00e3o entre teoria e pr\u00e1tica, mediante a realiza\u00e7\u00e3o de atividades de experimenta\u00e7\u00e3o em campo.<br>A programa\u00e7\u00e3o do evento contemplar\u00e1 atividades de mesa redonda, debate e experimenta\u00e7\u00e3o em campo. A Mesa Redonda tratar\u00e1 dos desafios da viticultura no semi\u00e1rido baiano e discutir\u00e1 os seguintes temas: <\/p>\n\n\n\n<p>Aspectos t\u00e9cnicos e fitossanit\u00e1rios da viticultura &#8211;&nbsp;<strong>Edmar Nobuya Yuhara<\/strong>(Engenheiro Agr\u00f4nomo); <\/p>\n\n\n\n<p>Perspectivas &nbsp; da &nbsp; viticultura &nbsp; no &nbsp; Projeto &nbsp; Formoso &nbsp; &#8211;&nbsp;&nbsp;&nbsp;<strong>S\u00e9rgio &nbsp; Brand\u00e3o &nbsp; Novi<\/strong>&nbsp;(T\u00e9cnico Agropecu\u00e1rio); <\/p>\n\n\n\n<p>Viticultura no IF &#8211; Baiano: Conhecimentos produzidos e desafios a serem superados &#8211;&nbsp;<strong>Bianca Nunes Novi<\/strong>&nbsp;(Estudante de Gradua\u00e7\u00e3o em Engenharia Agron\u00f4mica).<\/p>\n\n\n\n<p><br><strong>Poder\u00e3o participar<\/strong>: servidores, alunos de cursos t\u00e9cnicos e de gradua\u00e7\u00e3o do campus.&nbsp;As vagas s\u00e3o limitadas!<\/p>\n\n\n\n<p><strong>Inscri\u00e7\u00f5es:<\/strong><br><strong>Per\u00edodo:<\/strong>\u00a015 a\u00a027 de julho\u00a0de 2019. <br><strong><a href=\"https:\/\/docs.google.com\/forms\/d\/e\/1FAIpQLSd_wA-W4ZuhhRdxpLaL3KrXshGKYouKelizVHogGhUY0xzI3g\/viewform\">Link da inscri\u00e7\u00e3o<\/a><\/strong><br><\/p>\n\n\n\n<p>Acessem o folder, abaixo, e conhe\u00e7am a programa\u00e7\u00e3o do evento.<\/p>\n\n\n\n<div class=\"wp-block-file\"><a href=\"http:\/\/www.ifbaiano.edu.br\/unidades\/lapa\/files\/2019\/07\/Publica\u00e7\u00e3o5.pdf\">Folder Evento &#8211; Desafios da Viticultura no Semi\u00e1rido (formato pdf, tamanho 621 KB)<\/a><a href=\"http:\/\/www.ifbaiano.edu.br\/unidades\/lapa\/files\/2019\/07\/Publica\u00e7\u00e3o5.pdf\" class=\"wp-block-file__button\" download>Baixar<\/a><\/div>\n\n\n\n<p> <\/p>\n\n\n\n<figure class=\"wp-block-image\"><img decoding=\"async\" loading=\"lazy\" width=\"991\" height=\"1280\" src=\"http:\/\/www.ifbaiano.edu.br\/unidades\/lapa\/files\/2019\/07\/CARTAZ-IMAGEM-1.jpg\" alt=\"\" class=\"wp-image-13360\" \/><\/figure>\n","protected":false},"excerpt":{"rendered":"<p>No pr\u00f3ximo dia 3 de agosto 2019, o Campus Bom Jesus da Lapa realizar\u00e1 Dia de Campo em Viticultura. A atividade busca socializar os resultados de projeto de pesquisa desenvolvido no Campus e proporcionar a inter-rela\u00e7\u00e3o entre teoria e pr\u00e1tica, mediante a realiza\u00e7\u00e3o de atividades de experimenta\u00e7\u00e3o em campo.A programa\u00e7\u00e3o do evento contemplar\u00e1 atividades de [&hellip;]<\/p>\n","protected":false},"author":58,"featured_media":13353,"comment_status":"open","ping_status":"open","sticky":false,"template":"","format":"standard","meta":[],"categories":[64,24,40,65],"tags":[],"_links":{"self":[{"href":"https:\/\/www.ifbaiano.edu.br\/unidades\/lapa\/wp-json\/wp\/v2\/posts\/13351"}],"collection":[{"href":"https:\/\/www.ifbaiano.edu.br\/unidades\/lapa\/wp-json\/wp\/v2\/posts"}],"about":[{"href":"https:\/\/www.ifbaiano.edu.br\/unidades\/lapa\/wp-json\/wp\/v2\/types\/post"}],"author":[{"embeddable":true,"href":"https:\/\/www.ifbaiano.edu.br\/unidades\/lapa\/wp-json\/wp\/v2\/users\/58"}],"replies":[{"embeddable":true,"href":"https:\/\/www.ifbaiano.edu.br\/unidades\/lapa\/wp-json\/wp\/v2\/comments?post=13351"}],"version-history":[{"count":9,"href":"https:\/\/www.ifbaiano.edu.br\/unidades\/lapa\/wp-json\/wp\/v2\/posts\/13351\/revisions"}],"predecessor-version":[{"id":13564,"href":"https:\/\/www.ifbaiano.edu.br\/unidades\/lapa\/wp-json\/wp\/v2\/posts\/13351\/revisions\/13564"}],"wp:featuredmedia":[{"embeddable":true,"href":"https:\/\/www.ifbaiano.edu.br\/unidades\/lapa\/wp-json\/wp\/v2\/media\/13353"}],"wp:attachment":[{"href":"https:\/\/www.ifbaiano.edu.br\/unidades\/lapa\/wp-json\/wp\/v2\/media?parent=13351"}],"wp:term":[{"taxonomy":"category","embeddable":true,"href":"https:\/\/www.ifbaiano.edu.br\/unidades\/lapa\/wp-json\/wp\/v2\/categories?post=13351"},{"taxonomy":"post_tag","embeddable":true,"href":"https:\/\/www.ifbaiano.edu.br\/unidades\/lapa\/wp-json\/wp\/v2\/tags?post=13351"}],"curies":[{"name":"wp","href":"https:\/\/api.w.org\/{rel}","templated":true}]}}