{"id":13369,"date":"2019-07-15T11:30:35","date_gmt":"2019-07-15T14:30:35","guid":{"rendered":"http:\/\/www.ifbaiano.edu.br\/unidades\/lapa\/?p=13369"},"modified":"2019-07-15T11:30:35","modified_gmt":"2019-07-15T14:30:35","slug":"retificacao-01-do-edital-de-matricula-no-09-2019-de-28-de-junho-de-2019","status":"publish","type":"post","link":"https:\/\/www.ifbaiano.edu.br\/unidades\/lapa\/2019\/07\/15\/retificacao-01-do-edital-de-matricula-no-09-2019-de-28-de-junho-de-2019\/","title":{"rendered":"RETIFICA\u00c7\u00c3O 01 DO EDITAL DE MATR\u00cdCULA N\u00ba 09\/2019, DE 28 DE JUNHO DE 2019"},"content":{"rendered":"\n<p> O DIRETOR-GERAL DO INSTITUTO FEDERAL DE EDUCA\u00c7\u00c3O CI\u00caNCIA E TECNOLOGIA BAIANO \u2013 CAMPUS BOM JESUS DA LAPA, no uso de suas atribui\u00e7\u00f5es legais delegadas pela Portaria n\u00ba 446 de 19\/03\/2018, publicada no D.O.U. de 20\/03\/2018, Se\u00e7\u00e3o 2, p\u00e1gina 54, torna p\u00fablica a RETIFICA\u00c7\u00c3O do cronograma de matr\u00edculas para o segundo semestre de 2019 para os alunos do Curso T\u00e9cnico Subsequente em Vendas EaD, aprovados no Processo Seletivo de Ingresso de Estudantes 2019, atrav\u00e9s do Edital n\u00ba 55, de 25 de abril de 2019. <\/p>\n\n\n\n<div class=\"wp-block-file\"><a href=\"http:\/\/www.ifbaiano.edu.br\/unidades\/lapa\/files\/2019\/07\/Retifica\u00e7\u00e3o-01-do-Edital-09-2019-Matr\u00edcula-curso-T\u00e9cnico-em-Venda-Ead.pdf\">Retifica\u00e7\u00e3o 01 do Edital 09-2019-Matr\u00edcula curso T\u00e9cnico em Venda (Ead) (formato pdf, tamanho 810 KB)<\/a><a href=\"http:\/\/www.ifbaiano.edu.br\/unidades\/lapa\/files\/2019\/07\/Retifica\u00e7\u00e3o-01-do-Edital-09-2019-Matr\u00edcula-curso-T\u00e9cnico-em-Venda-Ead.pdf\" class=\"wp-block-file__button\" download>Baixar<\/a><\/div>\n\n\n\n<p><\/p>\n","protected":false},"excerpt":{"rendered":"<p>O DIRETOR-GERAL DO INSTITUTO FEDERAL DE EDUCA\u00c7\u00c3O CI\u00caNCIA E TECNOLOGIA BAIANO \u2013 CAMPUS BOM JESUS DA LAPA, no uso de suas atribui\u00e7\u00f5es legais delegadas pela Portaria n\u00ba 446 de 19\/03\/2018, publicada no D.O.U. de 20\/03\/2018, Se\u00e7\u00e3o 2, p\u00e1gina 54, torna p\u00fablica a RETIFICA\u00c7\u00c3O do cronograma de matr\u00edculas para o segundo semestre de 2019 para os [&hellip;]<\/p>\n","protected":false},"author":58,"featured_media":0,"comment_status":"open","ping_status":"open","sticky":false,"template":"","format":"standard","meta":[],"categories":[34,64,72,24,73,65],"tags":[],"_links":{"self":[{"href":"https:\/\/www.ifbaiano.edu.br\/unidades\/lapa\/wp-json\/wp\/v2\/posts\/13369"}],"collection":[{"href":"https:\/\/www.ifbaiano.edu.br\/unidades\/lapa\/wp-json\/wp\/v2\/posts"}],"about":[{"href":"https:\/\/www.ifbaiano.edu.br\/unidades\/lapa\/wp-json\/wp\/v2\/types\/post"}],"author":[{"embeddable":true,"href":"https:\/\/www.ifbaiano.edu.br\/unidades\/lapa\/wp-json\/wp\/v2\/users\/58"}],"replies":[{"embeddable":true,"href":"https:\/\/www.ifbaiano.edu.br\/unidades\/lapa\/wp-json\/wp\/v2\/comments?post=13369"}],"version-history":[{"count":1,"href":"https:\/\/www.ifbaiano.edu.br\/unidades\/lapa\/wp-json\/wp\/v2\/posts\/13369\/revisions"}],"predecessor-version":[{"id":13371,"href":"https:\/\/www.ifbaiano.edu.br\/unidades\/lapa\/wp-json\/wp\/v2\/posts\/13369\/revisions\/13371"}],"wp:attachment":[{"href":"https:\/\/www.ifbaiano.edu.br\/unidades\/lapa\/wp-json\/wp\/v2\/media?parent=13369"}],"wp:term":[{"taxonomy":"category","embeddable":true,"href":"https:\/\/www.ifbaiano.edu.br\/unidades\/lapa\/wp-json\/wp\/v2\/categories?post=13369"},{"taxonomy":"post_tag","embeddable":true,"href":"https:\/\/www.ifbaiano.edu.br\/unidades\/lapa\/wp-json\/wp\/v2\/tags?post=13369"}],"curies":[{"name":"wp","href":"https:\/\/api.w.org\/{rel}","templated":true}]}}