{"id":13378,"date":"2019-07-18T15:28:36","date_gmt":"2019-07-18T18:28:36","guid":{"rendered":"http:\/\/www.ifbaiano.edu.br\/unidades\/lapa\/?p=13378"},"modified":"2019-07-19T15:45:41","modified_gmt":"2019-07-19T18:45:41","slug":"inscricoes-para-cursos-fic-no-if-baiano-bom-jesus-da-lapa","status":"publish","type":"post","link":"https:\/\/www.ifbaiano.edu.br\/unidades\/lapa\/2019\/07\/18\/inscricoes-para-cursos-fic-no-if-baiano-bom-jesus-da-lapa\/","title":{"rendered":"Inscri\u00e7\u00f5es para Cursos FIC no IF Baiano Bom Jesus da Lapa"},"content":{"rendered":"\n<p> O Campus Bom Jesus da Lapa abriu inscri\u00e7\u00f5es para 5 cursos de forma\u00e7\u00e3o continuada, de curta dura\u00e7\u00e3o:&nbsp;<\/p>\n\n\n\n<ul><li>Curso Te\u00f3rico-Pr\u00e1tico de Licita\u00e7\u00e3o \u2013 20 horas -25 vagas <\/li><li><\/li><li> Curso de Canto Coral \u2013 150 horas &#8211; 40 vagas<\/li><li><\/li><li> Curso Avan\u00e7ado de Flauta Doce \u2013 130  horas &#8211; 30 vagas<\/li><li><\/li><li> Curso Pr\u00e1tica de Conjunto instrumental e forma\u00e7\u00e3o musical \u2013 150 horas &#8211; 20 vagas <\/li><li><\/li><li>Projeto de Redes de Computadores Residenciais &#8211; 30 horas &#8211; 40 vagas <br><br><\/li><\/ul>\n\n\n\n<p>A inscri\u00e7\u00e3o ser\u00e1 feita&nbsp;<strong>no per\u00edodo de 17 a&nbsp;31 de julho&nbsp;de 2019<\/strong>, mediante 2 procedimentos: preenchimento de formul\u00e1rio eletr\u00f4nico e entrega de documenta\u00e7\u00e3o de confirma\u00e7\u00e3o na Coordena\u00e7\u00e3o de Extens\u00e3o do Campus Bom Jesus da Lapa.<\/p>\n\n\n\n<p><strong><a href=\"https:\/\/docs.google.com\/forms\/d\/e\/1FAIpQLSeVhv70rsPtkxhPvAxb5QZyXqZs5ttGrTXxx4-SVj7dDKsA-g\/viewform\">Link de inscri\u00e7\u00e3o<\/a><\/strong><a href=\"https:\/\/docs.google.com\/forms\/d\/e\/1FAIpQLSeVhv70rsPtkxhPvAxb5QZyXqZs5ttGrTXxx4-SVj7dDKsA-g\/viewform\"> <\/a><\/p>\n\n\n\n<p><strong>Informa\u00e7\u00f5es pelo email<\/strong>:&nbsp;extensao@lapa.ifbaiano.edu.br<\/p>\n\n\n\n<p><strong>Acesse o edital completo abaixo;<\/strong><br><\/p>\n\n\n\n<div class=\"wp-block-file\"><a href=\"http:\/\/www.ifbaiano.edu.br\/unidades\/lapa\/files\/2019\/07\/EDITAL-FINAL-FIC.pdf\"> <br>Edital N\u00ba 85, 12 de Julho de 2019 (formato pdf, tamanho 129 KB) <\/a><a href=\"http:\/\/www.ifbaiano.edu.br\/unidades\/lapa\/files\/2019\/07\/EDITAL-FINAL-FIC.pdf\" class=\"wp-block-file__button\" download>Baixar<\/a><\/div>\n\n\n\n<p>Documentos que devem ser apresentados na Coordena\u00e7\u00e3o de Extens\u00e3o do Campus (original e c\u00f3pia) para confirma\u00e7\u00e3o da vaga:&nbsp;<br><\/p>\n\n\n\n<p>a)&nbsp;documento oficial de identifica\u00e7\u00e3o com foto;<\/p>\n\n\n\n<p>b) cadastro de Pessoa F\u00edsica \u2013 CPF;c) comprovante de escolaridade;<br>Antes de se inscreverem, observem os pr\u00e9-requisitos de cada curso. N\u00e3o fiquem de fora dessa oportunidade!&nbsp;\n\n<\/p>\n\n\n\n<p><br><\/p>\n\n\n\n<p><\/p>\n","protected":false},"excerpt":{"rendered":"<p>O Campus Bom Jesus da Lapa abriu inscri\u00e7\u00f5es para 5 cursos de forma\u00e7\u00e3o continuada, de curta dura\u00e7\u00e3o:&nbsp; Curso Te\u00f3rico-Pr\u00e1tico de Licita\u00e7\u00e3o \u2013 20 horas -25 vagas Curso de Canto Coral \u2013 150 horas &#8211; 40 vagas Curso Avan\u00e7ado de Flauta Doce \u2013 130 horas &#8211; 30 vagas Curso Pr\u00e1tica de Conjunto instrumental e forma\u00e7\u00e3o musical [&hellip;]<\/p>\n","protected":false},"author":58,"featured_media":0,"comment_status":"open","ping_status":"open","sticky":false,"template":"","format":"standard","meta":[],"categories":[34,64,24,73,1,65],"tags":[],"_links":{"self":[{"href":"https:\/\/www.ifbaiano.edu.br\/unidades\/lapa\/wp-json\/wp\/v2\/posts\/13378"}],"collection":[{"href":"https:\/\/www.ifbaiano.edu.br\/unidades\/lapa\/wp-json\/wp\/v2\/posts"}],"about":[{"href":"https:\/\/www.ifbaiano.edu.br\/unidades\/lapa\/wp-json\/wp\/v2\/types\/post"}],"author":[{"embeddable":true,"href":"https:\/\/www.ifbaiano.edu.br\/unidades\/lapa\/wp-json\/wp\/v2\/users\/58"}],"replies":[{"embeddable":true,"href":"https:\/\/www.ifbaiano.edu.br\/unidades\/lapa\/wp-json\/wp\/v2\/comments?post=13378"}],"version-history":[{"count":7,"href":"https:\/\/www.ifbaiano.edu.br\/unidades\/lapa\/wp-json\/wp\/v2\/posts\/13378\/revisions"}],"predecessor-version":[{"id":13403,"href":"https:\/\/www.ifbaiano.edu.br\/unidades\/lapa\/wp-json\/wp\/v2\/posts\/13378\/revisions\/13403"}],"wp:attachment":[{"href":"https:\/\/www.ifbaiano.edu.br\/unidades\/lapa\/wp-json\/wp\/v2\/media?parent=13378"}],"wp:term":[{"taxonomy":"category","embeddable":true,"href":"https:\/\/www.ifbaiano.edu.br\/unidades\/lapa\/wp-json\/wp\/v2\/categories?post=13378"},{"taxonomy":"post_tag","embeddable":true,"href":"https:\/\/www.ifbaiano.edu.br\/unidades\/lapa\/wp-json\/wp\/v2\/tags?post=13378"}],"curies":[{"name":"wp","href":"https:\/\/api.w.org\/{rel}","templated":true}]}}