{"id":13397,"date":"2019-07-19T08:00:20","date_gmt":"2019-07-19T11:00:20","guid":{"rendered":"http:\/\/www.ifbaiano.edu.br\/unidades\/lapa\/?p=13397"},"modified":"2019-07-18T16:35:53","modified_gmt":"2019-07-18T19:35:53","slug":"convocacao-em-quarta-chamada-para-a-reuniao-com-os-candidatos-da-lista-de-espera-para-o-preenchimento-de-vagas-sisu-2019-2","status":"publish","type":"post","link":"https:\/\/www.ifbaiano.edu.br\/unidades\/lapa\/2019\/07\/19\/convocacao-em-quarta-chamada-para-a-reuniao-com-os-candidatos-da-lista-de-espera-para-o-preenchimento-de-vagas-sisu-2019-2\/","title":{"rendered":"CONVOCA\u00c7\u00c3O  EM QUARTA CHAMADA PARA A REUNI\u00c3O COM OS CANDIDATOS DA LISTA DE ESPERA PARA O PREENCHIMENTO DE VAGAS \u2013 SISU\/2019.2"},"content":{"rendered":"\n<p>Segue abaixo edital com a convoca\u00e7\u00e3o da 4\u00aa chamada para reuni\u00e3o dos candidatos da lista de espera para o preenchimento de vagas pelo SISU 2019.2 <\/p>\n\n\n\n<div class=\"wp-block-file\"><a href=\"http:\/\/www.ifbaiano.edu.br\/unidades\/lapa\/files\/2019\/07\/Edital-SISU-2019.2-LISTA-DE-ESPERA-QUARTA-CHAMADA.odt\">Edital SISU 2019.2 &#8211; LISTA DE ESPERA &#8211; QUARTA CHAMADA (formato odt, tamanho 30 KB)<\/a><a href=\"http:\/\/www.ifbaiano.edu.br\/unidades\/lapa\/files\/2019\/07\/Edital-SISU-2019.2-LISTA-DE-ESPERA-QUARTA-CHAMADA.odt\" class=\"wp-block-file__button\" download>Baixar<\/a><\/div>\n\n\n\n<p><\/p>\n\n\n\n<p><\/p>\n","protected":false},"excerpt":{"rendered":"<p>Segue abaixo edital com a convoca\u00e7\u00e3o da 4\u00aa chamada para reuni\u00e3o dos candidatos da lista de espera para o preenchimento de vagas pelo SISU 2019.2<\/p>\n","protected":false},"author":58,"featured_media":0,"comment_status":"open","ping_status":"open","sticky":false,"template":"","format":"standard","meta":[],"categories":[34,64,26,30,24,65],"tags":[],"_links":{"self":[{"href":"https:\/\/www.ifbaiano.edu.br\/unidades\/lapa\/wp-json\/wp\/v2\/posts\/13397"}],"collection":[{"href":"https:\/\/www.ifbaiano.edu.br\/unidades\/lapa\/wp-json\/wp\/v2\/posts"}],"about":[{"href":"https:\/\/www.ifbaiano.edu.br\/unidades\/lapa\/wp-json\/wp\/v2\/types\/post"}],"author":[{"embeddable":true,"href":"https:\/\/www.ifbaiano.edu.br\/unidades\/lapa\/wp-json\/wp\/v2\/users\/58"}],"replies":[{"embeddable":true,"href":"https:\/\/www.ifbaiano.edu.br\/unidades\/lapa\/wp-json\/wp\/v2\/comments?post=13397"}],"version-history":[{"count":1,"href":"https:\/\/www.ifbaiano.edu.br\/unidades\/lapa\/wp-json\/wp\/v2\/posts\/13397\/revisions"}],"predecessor-version":[{"id":13399,"href":"https:\/\/www.ifbaiano.edu.br\/unidades\/lapa\/wp-json\/wp\/v2\/posts\/13397\/revisions\/13399"}],"wp:attachment":[{"href":"https:\/\/www.ifbaiano.edu.br\/unidades\/lapa\/wp-json\/wp\/v2\/media?parent=13397"}],"wp:term":[{"taxonomy":"category","embeddable":true,"href":"https:\/\/www.ifbaiano.edu.br\/unidades\/lapa\/wp-json\/wp\/v2\/categories?post=13397"},{"taxonomy":"post_tag","embeddable":true,"href":"https:\/\/www.ifbaiano.edu.br\/unidades\/lapa\/wp-json\/wp\/v2\/tags?post=13397"}],"curies":[{"name":"wp","href":"https:\/\/api.w.org\/{rel}","templated":true}]}}