{"id":1340,"date":"2013-08-29T09:45:17","date_gmt":"2013-08-29T11:45:17","guid":{"rendered":"http:\/\/www.ifbaiano.edu.br\/unidades\/lapa\/?p=1340"},"modified":"2013-08-29T09:46:10","modified_gmt":"2013-08-29T11:46:10","slug":"aula-inaugural","status":"publish","type":"post","link":"https:\/\/www.ifbaiano.edu.br\/unidades\/lapa\/2013\/08\/29\/aula-inaugural\/","title":{"rendered":"Campus Bom Jesus da Lapa realiza aula inaugural do Curso T\u00e9cnico em Inform\u00e1tica \u2013 modalidade subsequente (turma 2013.2)"},"content":{"rendered":"<p>O evento ser\u00e1 realizado dia 29 de agosto de 2013 (Quinta-feira).<!--more--><\/p>\n<p>O Campus Bom Jesus da Lapa tem a honra de convid\u00e1-los para participar da aula inaugural do Curso T\u00e9cnico em Inform\u00e1tica (turma 2013.2 &#8211; m\u00f3dulo I), a ser realizada no dia 29 de agosto de 2013, na sede pedag\u00f3gica do Campus, situada na av. Agenor Magalh\u00e3es, S\/N (IF Baiano-Cenfor), com in\u00edcio \u00e0s 19h:30min. Para este momento, contamos com a presen\u00e7a de todos os alunos do campus, docentes e equipe t\u00e9cnico administrativa.<\/p>\n<p>Aproveitamos para comunicar que as aulas ter\u00e3o in\u00edcio efetivamente no dia 02 de setembro de 2013, nos seus respectivos turnos de matr\u00edcula.<\/p>\n<p>Vossa presen\u00e7a \u00e9 muito importante para este momento.<\/p>\n","protected":false},"excerpt":{"rendered":"<p>O evento ser\u00e1 realizado dia 29 de agosto de 2013 (Quinta-feira).<\/p>\n","protected":false},"author":41,"featured_media":0,"comment_status":"open","ping_status":"open","sticky":false,"template":"","format":"standard","meta":[],"categories":[34],"tags":[],"_links":{"self":[{"href":"https:\/\/www.ifbaiano.edu.br\/unidades\/lapa\/wp-json\/wp\/v2\/posts\/1340"}],"collection":[{"href":"https:\/\/www.ifbaiano.edu.br\/unidades\/lapa\/wp-json\/wp\/v2\/posts"}],"about":[{"href":"https:\/\/www.ifbaiano.edu.br\/unidades\/lapa\/wp-json\/wp\/v2\/types\/post"}],"author":[{"embeddable":true,"href":"https:\/\/www.ifbaiano.edu.br\/unidades\/lapa\/wp-json\/wp\/v2\/users\/41"}],"replies":[{"embeddable":true,"href":"https:\/\/www.ifbaiano.edu.br\/unidades\/lapa\/wp-json\/wp\/v2\/comments?post=1340"}],"version-history":[{"count":3,"href":"https:\/\/www.ifbaiano.edu.br\/unidades\/lapa\/wp-json\/wp\/v2\/posts\/1340\/revisions"}],"predecessor-version":[{"id":1343,"href":"https:\/\/www.ifbaiano.edu.br\/unidades\/lapa\/wp-json\/wp\/v2\/posts\/1340\/revisions\/1343"}],"wp:attachment":[{"href":"https:\/\/www.ifbaiano.edu.br\/unidades\/lapa\/wp-json\/wp\/v2\/media?parent=1340"}],"wp:term":[{"taxonomy":"category","embeddable":true,"href":"https:\/\/www.ifbaiano.edu.br\/unidades\/lapa\/wp-json\/wp\/v2\/categories?post=1340"},{"taxonomy":"post_tag","embeddable":true,"href":"https:\/\/www.ifbaiano.edu.br\/unidades\/lapa\/wp-json\/wp\/v2\/tags?post=1340"}],"curies":[{"name":"wp","href":"https:\/\/api.w.org\/{rel}","templated":true}]}}