{"id":13422,"date":"2019-07-22T16:42:33","date_gmt":"2019-07-22T19:42:33","guid":{"rendered":"http:\/\/www.ifbaiano.edu.br\/unidades\/lapa\/?p=13422"},"modified":"2019-07-22T16:45:17","modified_gmt":"2019-07-22T19:45:17","slug":"chamada-publica-paa-3","status":"publish","type":"post","link":"https:\/\/www.ifbaiano.edu.br\/unidades\/lapa\/2019\/07\/22\/chamada-publica-paa-3\/","title":{"rendered":"CHAMADA P\u00daBLICA PAA"},"content":{"rendered":"\n<div class=\"wp-block-image\"><figure class=\"aligncenter\"><img decoding=\"async\" loading=\"lazy\" width=\"531\" height=\"296\" src=\"http:\/\/www.ifbaiano.edu.br\/unidades\/lapa\/files\/2019\/07\/imagem-anexa-ao-texto-1.jpg\" alt=\"\" class=\"wp-image-13423\" \/><\/figure><\/div>\n\n\n\n<p>O Instituto Federal Baiano \u2013 Campus Bom Jesus da Lapa torna p\u00fablico, para conhecimento<br>dos interessados, que realizar\u00e1 a Chamada P\u00fablica n\u00ba 01\/2019. Objeto: <strong>Aquisi\u00e7\u00e3o de g\u00eaneros<\/strong><strong><br><\/strong><strong>aliment\u00edcios da agricultura familiar para atendimento ao Programa de Aquisi\u00e7\u00e3o de Alimentos &#8211; PAA<\/strong>, conforme as pe\u00e7as t\u00e9cnicas constantes no Instrumento Convocat\u00f3rio e seus anexos, partes integrantes desta Chamada P\u00fablica. O Edital encontra-se dispon\u00edvel na sede do Campus e no s\u00edtio http:\/\/www.ifbaiano.edu.br\/unidades\/lapa\/ <strong>Sess\u00e3o de abertura: 20\/08\/2019, \u00e0s 09h<\/strong>, Hor\u00e1rio Local, na sede do Instituto Federal Baiano \u2013 Campus Bom Jesus da Lapa, localizado na BR 349, Km 14, Rodovia Bom Jesus da Lapa X Santa Maria da Vit\u00f3ria \u2013 Bahia. <br><\/p>\n\n\n\n<p>Segue, abaixo, Editais e Formul\u00e1rios.<\/p>\n\n\n\n<div class=\"wp-block-file\"><a href=\"http:\/\/www.ifbaiano.edu.br\/unidades\/lapa\/files\/2019\/07\/Edital-Chamada-P\u00fablica-01-2019.pdf\">Edital Chamada P\u00fablica 01-2019 (formato pdf, tamanho 325 KB)<\/a><a href=\"http:\/\/www.ifbaiano.edu.br\/unidades\/lapa\/files\/2019\/07\/Edital-Chamada-P\u00fablica-01-2019.pdf\" class=\"wp-block-file__button\" download>Baixar<\/a><\/div>\n\n\n\n<div class=\"wp-block-file\"><a href=\"http:\/\/www.ifbaiano.edu.br\/unidades\/lapa\/files\/2019\/07\/Anexo-I-PROJETO-B\u00c1SICO.pdf\">Anexo I &#8211; PROJETO B\u00c1SICO (formato pdf, tamanho 203 KB)<\/a><a href=\"http:\/\/www.ifbaiano.edu.br\/unidades\/lapa\/files\/2019\/07\/Anexo-I-PROJETO-B\u00c1SICO.pdf\" class=\"wp-block-file__button\" download>Baixar<\/a><\/div>\n\n\n\n<div class=\"wp-block-file\"><a href=\"http:\/\/www.ifbaiano.edu.br\/unidades\/lapa\/files\/2019\/07\/Anexo-II-PROJETO-DE-VENDA.odt\">Anexo II &#8211; PROJETO DE VENDA (formato odt, tamanho 16 KB)<\/a><a href=\"http:\/\/www.ifbaiano.edu.br\/unidades\/lapa\/files\/2019\/07\/Anexo-II-PROJETO-DE-VENDA.odt\" class=\"wp-block-file__button\" download>Baixar<\/a><\/div>\n\n\n\n<div class=\"wp-block-file\"><a href=\"http:\/\/www.ifbaiano.edu.br\/unidades\/lapa\/files\/2019\/07\/Anexo-III-Dec-origem-dos-produtos.pdf\">Anexo III &#8211; De origem dos produtos  <br>(formato pdf, tamanho 73 KB) <\/a><a href=\"http:\/\/www.ifbaiano.edu.br\/unidades\/lapa\/files\/2019\/07\/Anexo-III-Dec-origem-dos-produtos.pdf\" class=\"wp-block-file__button\" download>Baixar<\/a><\/div>\n\n\n\n<p><\/p>\n\n\n\n<p><\/p>\n","protected":false},"excerpt":{"rendered":"<p>O Instituto Federal Baiano \u2013 Campus Bom Jesus da Lapa torna p\u00fablico, para conhecimentodos interessados, que realizar\u00e1 a Chamada P\u00fablica n\u00ba 01\/2019. Objeto: Aquisi\u00e7\u00e3o de g\u00eanerosaliment\u00edcios da agricultura familiar para atendimento ao Programa de Aquisi\u00e7\u00e3o de Alimentos &#8211; PAA, conforme as pe\u00e7as t\u00e9cnicas constantes no Instrumento Convocat\u00f3rio e seus anexos, partes integrantes desta Chamada P\u00fablica. [&hellip;]<\/p>\n","protected":false},"author":58,"featured_media":13423,"comment_status":"open","ping_status":"open","sticky":false,"template":"","format":"standard","meta":[],"categories":[64,24,103,65],"tags":[],"_links":{"self":[{"href":"https:\/\/www.ifbaiano.edu.br\/unidades\/lapa\/wp-json\/wp\/v2\/posts\/13422"}],"collection":[{"href":"https:\/\/www.ifbaiano.edu.br\/unidades\/lapa\/wp-json\/wp\/v2\/posts"}],"about":[{"href":"https:\/\/www.ifbaiano.edu.br\/unidades\/lapa\/wp-json\/wp\/v2\/types\/post"}],"author":[{"embeddable":true,"href":"https:\/\/www.ifbaiano.edu.br\/unidades\/lapa\/wp-json\/wp\/v2\/users\/58"}],"replies":[{"embeddable":true,"href":"https:\/\/www.ifbaiano.edu.br\/unidades\/lapa\/wp-json\/wp\/v2\/comments?post=13422"}],"version-history":[{"count":2,"href":"https:\/\/www.ifbaiano.edu.br\/unidades\/lapa\/wp-json\/wp\/v2\/posts\/13422\/revisions"}],"predecessor-version":[{"id":13429,"href":"https:\/\/www.ifbaiano.edu.br\/unidades\/lapa\/wp-json\/wp\/v2\/posts\/13422\/revisions\/13429"}],"wp:featuredmedia":[{"embeddable":true,"href":"https:\/\/www.ifbaiano.edu.br\/unidades\/lapa\/wp-json\/wp\/v2\/media\/13423"}],"wp:attachment":[{"href":"https:\/\/www.ifbaiano.edu.br\/unidades\/lapa\/wp-json\/wp\/v2\/media?parent=13422"}],"wp:term":[{"taxonomy":"category","embeddable":true,"href":"https:\/\/www.ifbaiano.edu.br\/unidades\/lapa\/wp-json\/wp\/v2\/categories?post=13422"},{"taxonomy":"post_tag","embeddable":true,"href":"https:\/\/www.ifbaiano.edu.br\/unidades\/lapa\/wp-json\/wp\/v2\/tags?post=13422"}],"curies":[{"name":"wp","href":"https:\/\/api.w.org\/{rel}","templated":true}]}}