{"id":13431,"date":"2019-07-22T17:03:03","date_gmt":"2019-07-22T20:03:03","guid":{"rendered":"http:\/\/www.ifbaiano.edu.br\/unidades\/lapa\/?p=13431"},"modified":"2019-07-22T17:05:17","modified_gmt":"2019-07-22T20:05:17","slug":"comunicado-aos-estudantes-de-cursos-subsequentes-do-if-baiano-bom-jesus-da-lapa","status":"publish","type":"post","link":"https:\/\/www.ifbaiano.edu.br\/unidades\/lapa\/2019\/07\/22\/comunicado-aos-estudantes-de-cursos-subsequentes-do-if-baiano-bom-jesus-da-lapa\/","title":{"rendered":"Comunicado aos estudantes de cursos subsequentes do IF Baiano Bom Jesus da Lapa"},"content":{"rendered":"\n<p><strong>Comunicamos aos discentes dos Cursos T\u00e9cnicos em Agricultura e Inform\u00e1tica Subsequente que as aulas do terceiro m\u00f3dulo ter\u00e3o in\u00edcio no dia 25\/07\/2019(quinta-feira).<\/strong><\/p>\n\n\n\n<p>\nDire\u00e7\u00e3o\nAcad\u00eamica\/Coordena\u00e7\u00e3o de Ensino<\/p>\n","protected":false},"excerpt":{"rendered":"<p>Comunicamos aos discentes dos Cursos T\u00e9cnicos em Agricultura e Inform\u00e1tica Subsequente que as aulas do terceiro m\u00f3dulo ter\u00e3o in\u00edcio no dia 25\/07\/2019(quinta-feira). Dire\u00e7\u00e3o Acad\u00eamica\/Coordena\u00e7\u00e3o de Ensino<\/p>\n","protected":false},"author":58,"featured_media":0,"comment_status":"open","ping_status":"open","sticky":false,"template":"","format":"standard","meta":[],"categories":[32,64,39,30,24,38,65],"tags":[],"_links":{"self":[{"href":"https:\/\/www.ifbaiano.edu.br\/unidades\/lapa\/wp-json\/wp\/v2\/posts\/13431"}],"collection":[{"href":"https:\/\/www.ifbaiano.edu.br\/unidades\/lapa\/wp-json\/wp\/v2\/posts"}],"about":[{"href":"https:\/\/www.ifbaiano.edu.br\/unidades\/lapa\/wp-json\/wp\/v2\/types\/post"}],"author":[{"embeddable":true,"href":"https:\/\/www.ifbaiano.edu.br\/unidades\/lapa\/wp-json\/wp\/v2\/users\/58"}],"replies":[{"embeddable":true,"href":"https:\/\/www.ifbaiano.edu.br\/unidades\/lapa\/wp-json\/wp\/v2\/comments?post=13431"}],"version-history":[{"count":1,"href":"https:\/\/www.ifbaiano.edu.br\/unidades\/lapa\/wp-json\/wp\/v2\/posts\/13431\/revisions"}],"predecessor-version":[{"id":13432,"href":"https:\/\/www.ifbaiano.edu.br\/unidades\/lapa\/wp-json\/wp\/v2\/posts\/13431\/revisions\/13432"}],"wp:attachment":[{"href":"https:\/\/www.ifbaiano.edu.br\/unidades\/lapa\/wp-json\/wp\/v2\/media?parent=13431"}],"wp:term":[{"taxonomy":"category","embeddable":true,"href":"https:\/\/www.ifbaiano.edu.br\/unidades\/lapa\/wp-json\/wp\/v2\/categories?post=13431"},{"taxonomy":"post_tag","embeddable":true,"href":"https:\/\/www.ifbaiano.edu.br\/unidades\/lapa\/wp-json\/wp\/v2\/tags?post=13431"}],"curies":[{"name":"wp","href":"https:\/\/api.w.org\/{rel}","templated":true}]}}