{"id":13433,"date":"2019-07-23T15:38:22","date_gmt":"2019-07-23T18:38:22","guid":{"rendered":"http:\/\/www.ifbaiano.edu.br\/unidades\/lapa\/?p=13433"},"modified":"2019-07-23T15:38:22","modified_gmt":"2019-07-23T18:38:22","slug":"informativo-finalizacao-do-curso-basico-de-libras-fortalecendo-vinculos-entre-surdos-e-ouvintes","status":"publish","type":"post","link":"https:\/\/www.ifbaiano.edu.br\/unidades\/lapa\/2019\/07\/23\/informativo-finalizacao-do-curso-basico-de-libras-fortalecendo-vinculos-entre-surdos-e-ouvintes\/","title":{"rendered":"INFORMATIVO FINALIZA\u00c7\u00c3O DO CURSO B\u00c1SICO DE LIBRAS: FORTALECENDO V\u00cdNCULOS ENTRE SURDOS E OUVINTES"},"content":{"rendered":"\n<p>As atividades do curso foram conclu\u00eddas no dia 13 de junho de 2019 no IF Baiano\/Campus Bom Jesus da Lapa. De acordo os pr\u00f3prios participantes (familiares de pessoas com surdez, pessoas com surdez, profissionais da sa\u00fade e educa\u00e7\u00e3o, atendentes de lojas, entre outros) o curso proporcionou <em>\u201cuma aprendizagem efetiva acerca da Libras<\/em>\u201d, outros afirmaram \u201c<em>Devido ao curso tenho uma vis\u00e3o positiva sobre a Libras e o surdo<\/em>\u201d l\u00edngua utilizada pela comunidade surda no Brasil. <\/p>\n\n\n\n<p> Apesar de b\u00e1sico, as atividades propostas no curso possibilitaram informa\u00e7\u00f5es fundamentais sobre o contexto hist\u00f3rico educacional da pessoa com surdez, cultura surda, datilologia, estrutura gramatical da Libras, sinais b\u00e1sicos do contexto familiar, escolar, cumprimentos b\u00e1sicos, entre outros sinais. <\/p>\n\n\n\n<ul class=\"wp-block-gallery columns-2 is-cropped wp-block-gallery-1 is-layout-flex\"><li class=\"blocks-gallery-item\"><figure><img decoding=\"async\" loading=\"lazy\" width=\"1262\" height=\"747\" src=\"http:\/\/www.ifbaiano.edu.br\/unidades\/lapa\/files\/2019\/07\/FOTO-TURMA-DE-TER\u00c7A.jpeg\" alt=\"\" data-id=\"13434\" data-link=\"http:\/\/www.ifbaiano.edu.br\/unidades\/lapa\/?attachment_id=13434\" class=\"wp-image-13434\" \/><figcaption>Turma Ter\u00e7a-feira<\/figcaption><\/figure><\/li><li class=\"blocks-gallery-item\"><figure><img decoding=\"async\" loading=\"lazy\" width=\"1146\" height=\"700\" src=\"http:\/\/www.ifbaiano.edu.br\/unidades\/lapa\/files\/2019\/07\/FOTOS-DA-TURMA-DE-QUINTA.jpeg\" alt=\"\" data-id=\"13435\" data-link=\"http:\/\/www.ifbaiano.edu.br\/unidades\/lapa\/?attachment_id=13435\" class=\"wp-image-13435\" \/><figcaption>Turma Quinta-feira<\/figcaption><\/figure><\/li><\/ul>\n\n\n\n<p><\/p>\n","protected":false},"excerpt":{"rendered":"<p>As atividades do curso foram conclu\u00eddas no dia 13 de junho de 2019 no IF Baiano\/Campus Bom Jesus da Lapa. De acordo os pr\u00f3prios participantes (familiares de pessoas com surdez, pessoas com surdez, profissionais da sa\u00fade e educa\u00e7\u00e3o, atendentes de lojas, entre outros) o curso proporcionou \u201cuma aprendizagem efetiva acerca da Libras\u201d, outros afirmaram \u201cDevido [&hellip;]<\/p>\n","protected":false},"author":58,"featured_media":0,"comment_status":"open","ping_status":"open","sticky":false,"template":"","format":"standard","meta":[],"categories":[64,24,65],"tags":[],"_links":{"self":[{"href":"https:\/\/www.ifbaiano.edu.br\/unidades\/lapa\/wp-json\/wp\/v2\/posts\/13433"}],"collection":[{"href":"https:\/\/www.ifbaiano.edu.br\/unidades\/lapa\/wp-json\/wp\/v2\/posts"}],"about":[{"href":"https:\/\/www.ifbaiano.edu.br\/unidades\/lapa\/wp-json\/wp\/v2\/types\/post"}],"author":[{"embeddable":true,"href":"https:\/\/www.ifbaiano.edu.br\/unidades\/lapa\/wp-json\/wp\/v2\/users\/58"}],"replies":[{"embeddable":true,"href":"https:\/\/www.ifbaiano.edu.br\/unidades\/lapa\/wp-json\/wp\/v2\/comments?post=13433"}],"version-history":[{"count":4,"href":"https:\/\/www.ifbaiano.edu.br\/unidades\/lapa\/wp-json\/wp\/v2\/posts\/13433\/revisions"}],"predecessor-version":[{"id":13440,"href":"https:\/\/www.ifbaiano.edu.br\/unidades\/lapa\/wp-json\/wp\/v2\/posts\/13433\/revisions\/13440"}],"wp:attachment":[{"href":"https:\/\/www.ifbaiano.edu.br\/unidades\/lapa\/wp-json\/wp\/v2\/media?parent=13433"}],"wp:term":[{"taxonomy":"category","embeddable":true,"href":"https:\/\/www.ifbaiano.edu.br\/unidades\/lapa\/wp-json\/wp\/v2\/categories?post=13433"},{"taxonomy":"post_tag","embeddable":true,"href":"https:\/\/www.ifbaiano.edu.br\/unidades\/lapa\/wp-json\/wp\/v2\/tags?post=13433"}],"curies":[{"name":"wp","href":"https:\/\/api.w.org\/{rel}","templated":true}]}}