{"id":1352,"date":"2013-08-29T10:02:36","date_gmt":"2013-08-29T12:02:36","guid":{"rendered":"http:\/\/www.ifbaiano.edu.br\/unidades\/lapa\/?p=1352"},"modified":"2013-08-29T10:09:09","modified_gmt":"2013-08-29T12:09:09","slug":"campus-lapa-realiza-aula-inaugural-do-curso-tecnico-em-informatica-turmas-2013-2","status":"publish","type":"post","link":"https:\/\/www.ifbaiano.edu.br\/unidades\/lapa\/2013\/08\/29\/campus-lapa-realiza-aula-inaugural-do-curso-tecnico-em-informatica-turmas-2013-2\/","title":{"rendered":"Campus Lapa realiza aula inaugural do Curso T\u00e9cnico em Inform\u00e1tica &#8211; Turmas 2013.2"},"content":{"rendered":"<p>Evento acontece dia 29 de agosto, \u00e0s 19:30.<\/p>\n<p><!--more-->O Campus Bom Jesus da Lapa tem a honra de convid\u00e1-los para participar da aula inaugural do Curso T\u00e9cnico em Inform\u00e1tica (turma 2013.2 &#8211; m\u00f3dulo I), a ser realizada no dia 29 de agosto de 2013, na sede pedag\u00f3gica do Campus, situada na av. Agenor Magalh\u00e3es, S\/N (IF Baiano-Cenfor), com in\u00edcio \u00e0s 19h:30min. Para este momento, contamos com a presen\u00e7a de todos os alunos do campus, docentes e equipe t\u00e9cnico administrativa.<\/p>\n<p>Aproveitamos para comunicar que as aulas ter\u00e3o in\u00edcio efetivamente no dia 02 de setembro de 2013, nos seus respectivos turnos de matr\u00edcula.<\/p>\n<p>Vossa presen\u00e7a \u00e9 muito importante para este momento.<\/p>\n<p>&nbsp;<\/p>\n<p>Fonte: Departamento de Desenvolvimento Educacional<\/p>\n","protected":false},"excerpt":{"rendered":"<p>Evento acontece dia 29 de agosto, \u00e0s 19:30.<\/p>\n","protected":false},"author":41,"featured_media":0,"comment_status":"open","ping_status":"open","sticky":false,"template":"","format":"standard","meta":[],"categories":[1],"tags":[],"_links":{"self":[{"href":"https:\/\/www.ifbaiano.edu.br\/unidades\/lapa\/wp-json\/wp\/v2\/posts\/1352"}],"collection":[{"href":"https:\/\/www.ifbaiano.edu.br\/unidades\/lapa\/wp-json\/wp\/v2\/posts"}],"about":[{"href":"https:\/\/www.ifbaiano.edu.br\/unidades\/lapa\/wp-json\/wp\/v2\/types\/post"}],"author":[{"embeddable":true,"href":"https:\/\/www.ifbaiano.edu.br\/unidades\/lapa\/wp-json\/wp\/v2\/users\/41"}],"replies":[{"embeddable":true,"href":"https:\/\/www.ifbaiano.edu.br\/unidades\/lapa\/wp-json\/wp\/v2\/comments?post=1352"}],"version-history":[{"count":3,"href":"https:\/\/www.ifbaiano.edu.br\/unidades\/lapa\/wp-json\/wp\/v2\/posts\/1352\/revisions"}],"predecessor-version":[{"id":1354,"href":"https:\/\/www.ifbaiano.edu.br\/unidades\/lapa\/wp-json\/wp\/v2\/posts\/1352\/revisions\/1354"}],"wp:attachment":[{"href":"https:\/\/www.ifbaiano.edu.br\/unidades\/lapa\/wp-json\/wp\/v2\/media?parent=1352"}],"wp:term":[{"taxonomy":"category","embeddable":true,"href":"https:\/\/www.ifbaiano.edu.br\/unidades\/lapa\/wp-json\/wp\/v2\/categories?post=1352"},{"taxonomy":"post_tag","embeddable":true,"href":"https:\/\/www.ifbaiano.edu.br\/unidades\/lapa\/wp-json\/wp\/v2\/tags?post=1352"}],"curies":[{"name":"wp","href":"https:\/\/api.w.org\/{rel}","templated":true}]}}