{"id":13542,"date":"2019-07-25T18:43:34","date_gmt":"2019-07-25T21:43:34","guid":{"rendered":"http:\/\/www.ifbaiano.edu.br\/unidades\/lapa\/?p=13542"},"modified":"2019-08-02T10:46:39","modified_gmt":"2019-08-02T13:46:39","slug":"projeto-de-extensao-if-dance-participa-do-aniversario-da-agrovila-20","status":"publish","type":"post","link":"https:\/\/www.ifbaiano.edu.br\/unidades\/lapa\/2019\/07\/25\/projeto-de-extensao-if-dance-participa-do-aniversario-da-agrovila-20\/","title":{"rendered":"Projeto de Extens\u00e3o IF Dance participa do anivers\u00e1rio da Agrovila 20"},"content":{"rendered":"\n<p>O projeto de extens\u00e3o IF Dance esteve na Agrovila 20, em Serra do Ramalho &#8211; BA, participando do anivers\u00e1rio da comunidade. O projeto tem como perspectiva integrar e formar pela arte e pela express\u00e3o corporal. O projeto colabora, ainda, com a rela\u00e7\u00e3o escola comunidade e com o estabelecimento de v\u00ednculos entre institui\u00e7\u00e3o e egressos. A iniciativa \u00e9 coordenada pelo prof. Marcelo West.<\/p>\n\n\n\n<p><\/p>\n\n\n\n<p>\n\nConfira algumas fotos (clique para ampliar-las)\n\n<\/p>\n\n\n\n<p><\/p>\n\n\n\n<ul class=\"wp-block-gallery columns-3 is-cropped wp-block-gallery-1 is-layout-flex\"><li class=\"blocks-gallery-item\"><figure><a href=\"http:\/\/www.ifbaiano.edu.br\/unidades\/lapa\/files\/2019\/07\/WhatsApp-Image-2019-07-25-at-18.35.27.jpeg\"><img decoding=\"async\" loading=\"lazy\" width=\"1032\" height=\"774\" src=\"http:\/\/www.ifbaiano.edu.br\/unidades\/lapa\/files\/2019\/07\/WhatsApp-Image-2019-07-25-at-18.35.27.jpeg\" alt=\"\" data-id=\"13543\" data-link=\"http:\/\/www.ifbaiano.edu.br\/unidades\/lapa\/?attachment_id=13543\" class=\"wp-image-13543\" \/><\/a><\/figure><\/li><li class=\"blocks-gallery-item\"><figure><a href=\"http:\/\/www.ifbaiano.edu.br\/unidades\/lapa\/files\/2019\/07\/WhatsApp-Image-2019-07-25-at-18.35.28-1.jpeg\"><img decoding=\"async\" loading=\"lazy\" width=\"1040\" height=\"584\" src=\"http:\/\/www.ifbaiano.edu.br\/unidades\/lapa\/files\/2019\/07\/WhatsApp-Image-2019-07-25-at-18.35.28-1.jpeg\" alt=\"\" data-id=\"13544\" data-link=\"http:\/\/www.ifbaiano.edu.br\/unidades\/lapa\/?attachment_id=13544\" class=\"wp-image-13544\" \/><\/a><\/figure><\/li><li class=\"blocks-gallery-item\"><figure><a href=\"http:\/\/www.ifbaiano.edu.br\/unidades\/lapa\/files\/2019\/07\/WhatsApp-Image-2019-07-25-at-18.35.28.jpeg\"><img decoding=\"async\" loading=\"lazy\" width=\"1040\" height=\"584\" src=\"http:\/\/www.ifbaiano.edu.br\/unidades\/lapa\/files\/2019\/07\/WhatsApp-Image-2019-07-25-at-18.35.28.jpeg\" alt=\"\" data-id=\"13545\" data-link=\"http:\/\/www.ifbaiano.edu.br\/unidades\/lapa\/?attachment_id=13545\" class=\"wp-image-13545\" \/><\/a><\/figure><\/li><li class=\"blocks-gallery-item\"><figure><a href=\"http:\/\/www.ifbaiano.edu.br\/unidades\/lapa\/files\/2019\/07\/WhatsApp-Image-2019-07-25-at-18.35.29-1.jpeg\"><img decoding=\"async\" loading=\"lazy\" width=\"1040\" height=\"584\" src=\"http:\/\/www.ifbaiano.edu.br\/unidades\/lapa\/files\/2019\/07\/WhatsApp-Image-2019-07-25-at-18.35.29-1.jpeg\" alt=\"\" data-id=\"13546\" data-link=\"http:\/\/www.ifbaiano.edu.br\/unidades\/lapa\/?attachment_id=13546\" class=\"wp-image-13546\" \/><\/a><\/figure><\/li><li class=\"blocks-gallery-item\"><figure><a href=\"http:\/\/www.ifbaiano.edu.br\/unidades\/lapa\/files\/2019\/07\/WhatsApp-Image-2019-07-25-at-18.35.29.jpeg\"><img decoding=\"async\" loading=\"lazy\" width=\"1040\" height=\"584\" src=\"http:\/\/www.ifbaiano.edu.br\/unidades\/lapa\/files\/2019\/07\/WhatsApp-Image-2019-07-25-at-18.35.29.jpeg\" alt=\"\" data-id=\"13547\" data-link=\"http:\/\/www.ifbaiano.edu.br\/unidades\/lapa\/?attachment_id=13547\" class=\"wp-image-13547\" \/><\/a><\/figure><\/li><li class=\"blocks-gallery-item\"><figure><a href=\"http:\/\/www.ifbaiano.edu.br\/unidades\/lapa\/files\/2019\/07\/WhatsApp-Image-2019-07-25-at-18.35.30-1.jpeg\"><img decoding=\"async\" loading=\"lazy\" width=\"1040\" height=\"584\" src=\"http:\/\/www.ifbaiano.edu.br\/unidades\/lapa\/files\/2019\/07\/WhatsApp-Image-2019-07-25-at-18.35.30-1.jpeg\" alt=\"\" data-id=\"13548\" data-link=\"http:\/\/www.ifbaiano.edu.br\/unidades\/lapa\/?attachment_id=13548\" class=\"wp-image-13548\" \/><\/a><\/figure><\/li><li class=\"blocks-gallery-item\"><figure><a href=\"http:\/\/www.ifbaiano.edu.br\/unidades\/lapa\/files\/2019\/07\/WhatsApp-Image-2019-07-25-at-18.35.30.jpeg\"><img decoding=\"async\" loading=\"lazy\" width=\"1040\" height=\"584\" src=\"http:\/\/www.ifbaiano.edu.br\/unidades\/lapa\/files\/2019\/07\/WhatsApp-Image-2019-07-25-at-18.35.30.jpeg\" alt=\"\" data-id=\"13549\" data-link=\"http:\/\/www.ifbaiano.edu.br\/unidades\/lapa\/?attachment_id=13549\" class=\"wp-image-13549\" \/><\/a><\/figure><\/li><li class=\"blocks-gallery-item\"><figure><a href=\"http:\/\/www.ifbaiano.edu.br\/unidades\/lapa\/files\/2019\/07\/WhatsApp-Image-2019-07-25-at-18.35.31.jpeg\"><img decoding=\"async\" loading=\"lazy\" width=\"1040\" height=\"584\" src=\"http:\/\/www.ifbaiano.edu.br\/unidades\/lapa\/files\/2019\/07\/WhatsApp-Image-2019-07-25-at-18.35.31.jpeg\" alt=\"\" data-id=\"13550\" data-link=\"http:\/\/www.ifbaiano.edu.br\/unidades\/lapa\/?attachment_id=13550\" class=\"wp-image-13550\" \/><\/a><\/figure><\/li><li class=\"blocks-gallery-item\"><figure><a href=\"http:\/\/www.ifbaiano.edu.br\/unidades\/lapa\/files\/2019\/07\/WhatsApp-Image-2019-07-25-at-18.35.32-1.jpeg\"><img decoding=\"async\" loading=\"lazy\" width=\"1040\" height=\"584\" src=\"http:\/\/www.ifbaiano.edu.br\/unidades\/lapa\/files\/2019\/07\/WhatsApp-Image-2019-07-25-at-18.35.32-1.jpeg\" alt=\"\" data-id=\"13551\" data-link=\"http:\/\/www.ifbaiano.edu.br\/unidades\/lapa\/?attachment_id=13551\" class=\"wp-image-13551\" \/><\/a><\/figure><\/li><li class=\"blocks-gallery-item\"><figure><a href=\"http:\/\/www.ifbaiano.edu.br\/unidades\/lapa\/files\/2019\/07\/WhatsApp-Image-2019-07-25-at-18.35.32.jpeg\"><img decoding=\"async\" loading=\"lazy\" width=\"1040\" height=\"584\" src=\"http:\/\/www.ifbaiano.edu.br\/unidades\/lapa\/files\/2019\/07\/WhatsApp-Image-2019-07-25-at-18.35.32.jpeg\" alt=\"\" data-id=\"13552\" data-link=\"http:\/\/www.ifbaiano.edu.br\/unidades\/lapa\/?attachment_id=13552\" class=\"wp-image-13552\" \/><\/a><\/figure><\/li><li class=\"blocks-gallery-item\"><figure><a href=\"http:\/\/www.ifbaiano.edu.br\/unidades\/lapa\/files\/2019\/07\/WhatsApp-Image-2019-07-25-at-18.35.33-1.jpeg\"><img decoding=\"async\" loading=\"lazy\" width=\"1032\" height=\"774\" src=\"http:\/\/www.ifbaiano.edu.br\/unidades\/lapa\/files\/2019\/07\/WhatsApp-Image-2019-07-25-at-18.35.33-1.jpeg\" alt=\"\" data-id=\"13553\" data-link=\"http:\/\/www.ifbaiano.edu.br\/unidades\/lapa\/?attachment_id=13553\" class=\"wp-image-13553\" \/><\/a><\/figure><\/li><li class=\"blocks-gallery-item\"><figure><a href=\"http:\/\/www.ifbaiano.edu.br\/unidades\/lapa\/files\/2019\/07\/WhatsApp-Image-2019-07-25-at-18.35.33.jpeg\"><img decoding=\"async\" loading=\"lazy\" width=\"1040\" height=\"584\" src=\"http:\/\/www.ifbaiano.edu.br\/unidades\/lapa\/files\/2019\/07\/WhatsApp-Image-2019-07-25-at-18.35.33.jpeg\" alt=\"\" data-id=\"13554\" data-link=\"http:\/\/www.ifbaiano.edu.br\/unidades\/lapa\/?attachment_id=13554\" class=\"wp-image-13554\" \/><\/a><\/figure><\/li><li class=\"blocks-gallery-item\"><figure><a href=\"http:\/\/www.ifbaiano.edu.br\/unidades\/lapa\/files\/2019\/07\/WhatsApp-Image-2019-07-25-at-18.35.34.jpeg\"><img decoding=\"async\" loading=\"lazy\" width=\"1032\" height=\"774\" src=\"http:\/\/www.ifbaiano.edu.br\/unidades\/lapa\/files\/2019\/07\/WhatsApp-Image-2019-07-25-at-18.35.34.jpeg\" alt=\"\" data-id=\"13555\" data-link=\"http:\/\/www.ifbaiano.edu.br\/unidades\/lapa\/?attachment_id=13555\" class=\"wp-image-13555\" \/><\/a><\/figure><\/li><\/ul>\n","protected":false},"excerpt":{"rendered":"<p>O projeto de extens\u00e3o IF Dance esteve na Agrovila 20, em Serra do Ramalho &#8211; BA, participando do anivers\u00e1rio da comunidade. O projeto tem como perspectiva integrar e formar pela arte e pela express\u00e3o corporal. O projeto colabora, ainda, com a rela\u00e7\u00e3o escola comunidade e com o estabelecimento de v\u00ednculos entre institui\u00e7\u00e3o e egressos. A [&hellip;]<\/p>\n","protected":false},"author":58,"featured_media":13555,"comment_status":"open","ping_status":"open","sticky":false,"template":"","format":"standard","meta":[],"categories":[64,24,40,65],"tags":[],"_links":{"self":[{"href":"https:\/\/www.ifbaiano.edu.br\/unidades\/lapa\/wp-json\/wp\/v2\/posts\/13542"}],"collection":[{"href":"https:\/\/www.ifbaiano.edu.br\/unidades\/lapa\/wp-json\/wp\/v2\/posts"}],"about":[{"href":"https:\/\/www.ifbaiano.edu.br\/unidades\/lapa\/wp-json\/wp\/v2\/types\/post"}],"author":[{"embeddable":true,"href":"https:\/\/www.ifbaiano.edu.br\/unidades\/lapa\/wp-json\/wp\/v2\/users\/58"}],"replies":[{"embeddable":true,"href":"https:\/\/www.ifbaiano.edu.br\/unidades\/lapa\/wp-json\/wp\/v2\/comments?post=13542"}],"version-history":[{"count":4,"href":"https:\/\/www.ifbaiano.edu.br\/unidades\/lapa\/wp-json\/wp\/v2\/posts\/13542\/revisions"}],"predecessor-version":[{"id":13579,"href":"https:\/\/www.ifbaiano.edu.br\/unidades\/lapa\/wp-json\/wp\/v2\/posts\/13542\/revisions\/13579"}],"wp:featuredmedia":[{"embeddable":true,"href":"https:\/\/www.ifbaiano.edu.br\/unidades\/lapa\/wp-json\/wp\/v2\/media\/13555"}],"wp:attachment":[{"href":"https:\/\/www.ifbaiano.edu.br\/unidades\/lapa\/wp-json\/wp\/v2\/media?parent=13542"}],"wp:term":[{"taxonomy":"category","embeddable":true,"href":"https:\/\/www.ifbaiano.edu.br\/unidades\/lapa\/wp-json\/wp\/v2\/categories?post=13542"},{"taxonomy":"post_tag","embeddable":true,"href":"https:\/\/www.ifbaiano.edu.br\/unidades\/lapa\/wp-json\/wp\/v2\/tags?post=13542"}],"curies":[{"name":"wp","href":"https:\/\/api.w.org\/{rel}","templated":true}]}}