{"id":1357,"date":"2013-08-29T10:17:27","date_gmt":"2013-08-29T12:17:27","guid":{"rendered":"http:\/\/www.ifbaiano.edu.br\/unidades\/lapa\/?p=1357"},"modified":"2013-08-29T10:17:27","modified_gmt":"2013-08-29T12:17:27","slug":"quarta-chamada-de-matriculas-campus-lapa","status":"publish","type":"post","link":"https:\/\/www.ifbaiano.edu.br\/unidades\/lapa\/2013\/08\/29\/quarta-chamada-de-matriculas-campus-lapa\/","title":{"rendered":"Quarta Chamada de matr\u00edculas &#8211; Campus Lapa"},"content":{"rendered":"<p style=\"text-align: left\" align=\"center\">Matr\u00edculas ocorrer\u00e3o nos dias 29 e 30\/08<strong>\u00a0<\/strong><\/p>\n<p>&nbsp;<\/p>\n<p><strong>HOR\u00c1RIO DE ATENDIMENTO<\/strong><\/p>\n<p>7:30 as 11:30; 13:30 as 17:30<\/p>\n<p>Acesse <a href=\"http:\/\/www.ifbaiano.edu.br\/unidades\/lapa\/files\/2013\/08\/quarta.pdf\">aqui<\/a>\u00a0a rela\u00e7\u00e3o de convocados<\/p>\n<p>Acesse <a href=\"http:\/\/www.ifbaiano.edu.br\/unidades\/lapa\/files\/2013\/08\/SOCIOECONOMICO.pdf\">aqui<\/a> o formul\u00e1rio socioecon\u00f4mico<\/p>\n<p>DOCUMENTOS NECESS\u00c1RIOS:<\/p>\n<p>a) Question\u00e1rio socioecon\u00f4mico (anexo);<\/p>\n<p>b) Hist\u00f3rico Escolar do Ensino M\u00e9dio (com apresenta\u00e7\u00e3o do original);<\/p>\n<p>c) C\u00f3pia da Carteira de Identidade (com apresenta\u00e7\u00e3o do original);<\/p>\n<p>d) C\u00f3pia do CPF (com apresenta\u00e7\u00e3o do original);<\/p>\n<p>e) C\u00f3pia da Certid\u00e3o de Nascimento ou Casamento (com apresenta\u00e7\u00e3o do original);<\/p>\n<p>f) C\u00f3pia do T\u00edtulo de Eleitor (com apresenta\u00e7\u00e3o do original);<\/p>\n<p>g) Comprovante de quita\u00e7\u00e3o da \u00faltima elei\u00e7\u00e3o com a Justi\u00e7a Eleitoral (para maiores de 18 anos);<\/p>\n<p>h) C\u00f3pia do documento comprobat\u00f3rio de regularidade com o Servi\u00e7o Militar para os alunos do sexo masculino a partir dos 18 (dezoito) anos (com apresenta\u00e7\u00e3o do original);<\/p>\n<p>i) Procura\u00e7\u00e3o com firma reconhecida, quando a matr\u00edcula for efetuada por terceiros;<\/p>\n<p>j) C\u00f3pia do comprovante de resid\u00eancia (com apresenta\u00e7\u00e3o do original);<\/p>\n<p>k) 05 (cinco) fotos 3\u00d74 iguais e recentes;<\/p>\n<p>l) C\u00f3pia do CPF e RG dos respons\u00e1veis pelos menores de 18 (dezoito anos) (com apresenta\u00e7\u00e3o do original).<\/p>\n","protected":false},"excerpt":{"rendered":"<p>Matr\u00edculas ocorrer\u00e3o nos dias 29 e 30\/08\u00a0 &nbsp; HOR\u00c1RIO DE ATENDIMENTO 7:30 as 11:30; 13:30 as 17:30 Acesse aqui\u00a0a rela\u00e7\u00e3o de convocados Acesse aqui o formul\u00e1rio socioecon\u00f4mico DOCUMENTOS NECESS\u00c1RIOS: a) Question\u00e1rio socioecon\u00f4mico (anexo); b) Hist\u00f3rico Escolar do Ensino M\u00e9dio (com apresenta\u00e7\u00e3o do original); c) C\u00f3pia da Carteira de Identidade (com apresenta\u00e7\u00e3o do original); d) C\u00f3pia [&hellip;]<\/p>\n","protected":false},"author":41,"featured_media":0,"comment_status":"open","ping_status":"open","sticky":false,"template":"","format":"standard","meta":[],"categories":[1],"tags":[],"_links":{"self":[{"href":"https:\/\/www.ifbaiano.edu.br\/unidades\/lapa\/wp-json\/wp\/v2\/posts\/1357"}],"collection":[{"href":"https:\/\/www.ifbaiano.edu.br\/unidades\/lapa\/wp-json\/wp\/v2\/posts"}],"about":[{"href":"https:\/\/www.ifbaiano.edu.br\/unidades\/lapa\/wp-json\/wp\/v2\/types\/post"}],"author":[{"embeddable":true,"href":"https:\/\/www.ifbaiano.edu.br\/unidades\/lapa\/wp-json\/wp\/v2\/users\/41"}],"replies":[{"embeddable":true,"href":"https:\/\/www.ifbaiano.edu.br\/unidades\/lapa\/wp-json\/wp\/v2\/comments?post=1357"}],"version-history":[{"count":2,"href":"https:\/\/www.ifbaiano.edu.br\/unidades\/lapa\/wp-json\/wp\/v2\/posts\/1357\/revisions"}],"predecessor-version":[{"id":1360,"href":"https:\/\/www.ifbaiano.edu.br\/unidades\/lapa\/wp-json\/wp\/v2\/posts\/1357\/revisions\/1360"}],"wp:attachment":[{"href":"https:\/\/www.ifbaiano.edu.br\/unidades\/lapa\/wp-json\/wp\/v2\/media?parent=1357"}],"wp:term":[{"taxonomy":"category","embeddable":true,"href":"https:\/\/www.ifbaiano.edu.br\/unidades\/lapa\/wp-json\/wp\/v2\/categories?post=1357"},{"taxonomy":"post_tag","embeddable":true,"href":"https:\/\/www.ifbaiano.edu.br\/unidades\/lapa\/wp-json\/wp\/v2\/tags?post=1357"}],"curies":[{"name":"wp","href":"https:\/\/api.w.org\/{rel}","templated":true}]}}