{"id":13571,"date":"2019-08-02T10:43:41","date_gmt":"2019-08-02T13:43:41","guid":{"rendered":"http:\/\/www.ifbaiano.edu.br\/unidades\/lapa\/?p=13571"},"modified":"2019-08-02T11:05:45","modified_gmt":"2019-08-02T14:05:45","slug":"suspensao-das-atividades-nos-dias-05-e-06-de-agosto-de-2019","status":"publish","type":"post","link":"https:\/\/www.ifbaiano.edu.br\/unidades\/lapa\/2019\/08\/02\/suspensao-das-atividades-nos-dias-05-e-06-de-agosto-de-2019\/","title":{"rendered":"Suspens\u00e3o das atividades nos dias 05 e 06 de agosto de 2019"},"content":{"rendered":"\n<p>Informamos \u00e0 Comunidade Acad\u00eamica do Campus Bom Jesus da Lapa que, em decorr\u00eancia dos festejos da Romaria do Bom Jesus da Lapa e feriado municipal, nos dias 05 e\u00a006 de agosto\u00a0de 2019, n\u00e3o haver\u00e1 expediente neste campus, conforme Of\u00edcio Circular 021\/2019\/GAB\/CAMPUSBJL\/IFBAIANO.<strong>\u00a0<a rel=\"noreferrer noopener\" aria-label=\"Acesse aqui (abre numa nova aba, arquivo em formato pdf com tamanho de 359KB)\" href=\"http:\/\/www.ifbaiano.edu.br\/unidades\/lapa\/files\/2019\/08\/Oficio_Circular_021-2019.pdf\" target=\"_blank\">Acesse aqui.<\/a><\/strong><\/p>\n","protected":false},"excerpt":{"rendered":"<p>Informamos \u00e0 Comunidade Acad\u00eamica do Campus Bom Jesus da Lapa que, em decorr\u00eancia dos festejos da Romaria do Bom Jesus da Lapa e feriado municipal, nos dias 05 e\u00a006 de agosto\u00a0de 2019, n\u00e3o haver\u00e1 expediente neste campus, conforme Of\u00edcio Circular 021\/2019\/GAB\/CAMPUSBJL\/IFBAIANO.\u00a0Acesse aqui.<\/p>\n","protected":false},"author":100,"featured_media":0,"comment_status":"open","ping_status":"open","sticky":false,"template":"","format":"standard","meta":[],"categories":[64,24,65],"tags":[],"_links":{"self":[{"href":"https:\/\/www.ifbaiano.edu.br\/unidades\/lapa\/wp-json\/wp\/v2\/posts\/13571"}],"collection":[{"href":"https:\/\/www.ifbaiano.edu.br\/unidades\/lapa\/wp-json\/wp\/v2\/posts"}],"about":[{"href":"https:\/\/www.ifbaiano.edu.br\/unidades\/lapa\/wp-json\/wp\/v2\/types\/post"}],"author":[{"embeddable":true,"href":"https:\/\/www.ifbaiano.edu.br\/unidades\/lapa\/wp-json\/wp\/v2\/users\/100"}],"replies":[{"embeddable":true,"href":"https:\/\/www.ifbaiano.edu.br\/unidades\/lapa\/wp-json\/wp\/v2\/comments?post=13571"}],"version-history":[{"count":9,"href":"https:\/\/www.ifbaiano.edu.br\/unidades\/lapa\/wp-json\/wp\/v2\/posts\/13571\/revisions"}],"predecessor-version":[{"id":13583,"href":"https:\/\/www.ifbaiano.edu.br\/unidades\/lapa\/wp-json\/wp\/v2\/posts\/13571\/revisions\/13583"}],"wp:attachment":[{"href":"https:\/\/www.ifbaiano.edu.br\/unidades\/lapa\/wp-json\/wp\/v2\/media?parent=13571"}],"wp:term":[{"taxonomy":"category","embeddable":true,"href":"https:\/\/www.ifbaiano.edu.br\/unidades\/lapa\/wp-json\/wp\/v2\/categories?post=13571"},{"taxonomy":"post_tag","embeddable":true,"href":"https:\/\/www.ifbaiano.edu.br\/unidades\/lapa\/wp-json\/wp\/v2\/tags?post=13571"}],"curies":[{"name":"wp","href":"https:\/\/api.w.org\/{rel}","templated":true}]}}