{"id":13612,"date":"2019-08-02T17:13:42","date_gmt":"2019-08-02T20:13:42","guid":{"rendered":"http:\/\/www.ifbaiano.edu.br\/unidades\/lapa\/?p=13612"},"modified":"2019-08-02T17:22:31","modified_gmt":"2019-08-02T20:22:31","slug":"alteracao-do-cronograma-do-edital-085-de-12-de-julho-de-2019-campus-bom-jesus-da-lapa","status":"publish","type":"post","link":"https:\/\/www.ifbaiano.edu.br\/unidades\/lapa\/2019\/08\/02\/alteracao-do-cronograma-do-edital-085-de-12-de-julho-de-2019-campus-bom-jesus-da-lapa\/","title":{"rendered":"Altera\u00e7\u00e3o do cronograma do Edital 085, de 12 de julho de 2019 &#8211; Campus Bom Jesus da Lapa"},"content":{"rendered":"\n<p style=\"text-align:justify\"> A comiss\u00e3o local do processo seletivo para cursos FIC 2019.2, designada pela Portaria 44 de&nbsp;04 de julho&nbsp;de 2019, torna p\u00fablica a retifica\u00e7\u00e3o ao edital 85, de&nbsp;12 de julho&nbsp;de 2019. <\/p>\n\n\n\n<a href=\"http:\/\/www.ifbaiano.edu.br\/unidades\/lapa\/files\/2019\/08\/Nota_Informativa_-_alteracao_de_cronograma.pdf\" target=\"_blank\" title=\"Nota Informativa - altera\u00e7\u00e3o de cronograma (formato pdf, tamanho 49 KB)\" style=\"text-transform:uppercase\" rel=\"noopener noreferrer\">Acesse aqui o arquivo!<\/a>\n","protected":false},"excerpt":{"rendered":"<p>A comiss\u00e3o local do processo seletivo para cursos FIC 2019.2, designada pela Portaria 44 de&nbsp;04 de julho&nbsp;de 2019, torna p\u00fablica a retifica\u00e7\u00e3o ao edital 85, de&nbsp;12 de julho&nbsp;de 2019. Acesse aqui o arquivo!<\/p>\n","protected":false},"author":100,"featured_media":0,"comment_status":"open","ping_status":"open","sticky":false,"template":"","format":"standard","meta":[],"categories":[34,64,24,40,73,65],"tags":[],"_links":{"self":[{"href":"https:\/\/www.ifbaiano.edu.br\/unidades\/lapa\/wp-json\/wp\/v2\/posts\/13612"}],"collection":[{"href":"https:\/\/www.ifbaiano.edu.br\/unidades\/lapa\/wp-json\/wp\/v2\/posts"}],"about":[{"href":"https:\/\/www.ifbaiano.edu.br\/unidades\/lapa\/wp-json\/wp\/v2\/types\/post"}],"author":[{"embeddable":true,"href":"https:\/\/www.ifbaiano.edu.br\/unidades\/lapa\/wp-json\/wp\/v2\/users\/100"}],"replies":[{"embeddable":true,"href":"https:\/\/www.ifbaiano.edu.br\/unidades\/lapa\/wp-json\/wp\/v2\/comments?post=13612"}],"version-history":[{"count":3,"href":"https:\/\/www.ifbaiano.edu.br\/unidades\/lapa\/wp-json\/wp\/v2\/posts\/13612\/revisions"}],"predecessor-version":[{"id":13623,"href":"https:\/\/www.ifbaiano.edu.br\/unidades\/lapa\/wp-json\/wp\/v2\/posts\/13612\/revisions\/13623"}],"wp:attachment":[{"href":"https:\/\/www.ifbaiano.edu.br\/unidades\/lapa\/wp-json\/wp\/v2\/media?parent=13612"}],"wp:term":[{"taxonomy":"category","embeddable":true,"href":"https:\/\/www.ifbaiano.edu.br\/unidades\/lapa\/wp-json\/wp\/v2\/categories?post=13612"},{"taxonomy":"post_tag","embeddable":true,"href":"https:\/\/www.ifbaiano.edu.br\/unidades\/lapa\/wp-json\/wp\/v2\/tags?post=13612"}],"curies":[{"name":"wp","href":"https:\/\/api.w.org\/{rel}","templated":true}]}}