{"id":1365,"date":"2013-08-30T17:54:49","date_gmt":"2013-08-30T19:54:49","guid":{"rendered":"http:\/\/www.ifbaiano.edu.br\/unidades\/lapa\/?p=1365"},"modified":"2013-08-30T17:55:58","modified_gmt":"2013-08-30T19:55:58","slug":"relacao-de-convocados-vagas-remanescentes","status":"publish","type":"post","link":"https:\/\/www.ifbaiano.edu.br\/unidades\/lapa\/2013\/08\/30\/relacao-de-convocados-vagas-remanescentes\/","title":{"rendered":"Rela\u00e7\u00e3o de convocados &#8211; Vagas Remanescentes"},"content":{"rendered":"<p>&nbsp;<\/p>\n<p>&nbsp;<\/p>\n<p>Matr\u00edculas ser\u00e3o realizadas entre 02 e 05 de setembro. Hor\u00e1rios: 8:00 as 11:00; 14:00 as 17:00; 19:00 as 22:00<\/p>\n<p><!--more--><\/p>\n<p><!--more-->O Dpto. de Desenvolvimento Educacional divulga a rela\u00e7\u00e3o dos selecionados para vagas remanescentes.<\/p>\n<p>Cliquem <a href=\"http:\/\/www.ifbaiano.edu.br\/unidades\/lapa\/files\/2013\/08\/remanescentes2.pdf\">aqui<\/a> e acessem os convocados.<\/p>\n<p>Acesse o question\u00e1rio\u00a0<a href=\"http:\/\/www.ifbaiano.edu.br\/unidades\/lapa\/files\/2013\/08\/SOCIOECONOMICO.pdf\">SOCIOECONOMICO<\/a>.<\/p>\n<p>&nbsp;<\/p>\n<p>DOCUMENTOS NECESS\u00c1RIOS:<\/p>\n<p>a) Question\u00e1rio socioecon\u00f4mico (anexo);<\/p>\n<p>b) Hist\u00f3rico Escolar do Ensino M\u00e9dio (com apresenta\u00e7\u00e3o do original);<\/p>\n<p>c) C\u00f3pia da Carteira de Identidade (com apresenta\u00e7\u00e3o do original);<\/p>\n<p>d) C\u00f3pia do CPF (com apresenta\u00e7\u00e3o do original);<\/p>\n<p>e) C\u00f3pia da Certid\u00e3o de Nascimento ou Casamento (com apresenta\u00e7\u00e3o do original);<\/p>\n<p>f) C\u00f3pia do T\u00edtulo de Eleitor (com apresenta\u00e7\u00e3o do original);<\/p>\n<p>g) Comprovante de quita\u00e7\u00e3o da \u00faltima elei\u00e7\u00e3o com a Justi\u00e7a Eleitoral (para maiores de 18 anos);<\/p>\n<p>h) C\u00f3pia do documento comprobat\u00f3rio de regularidade com o Servi\u00e7o Militar para os alunos do sexo masculino a partir dos 18 (dezoito) anos (com apresenta\u00e7\u00e3o do original);<\/p>\n<p>i) Procura\u00e7\u00e3o com firma reconhecida, quando a matr\u00edcula for efetuada por terceiros;<\/p>\n<p>j) C\u00f3pia do comprovante de resid\u00eancia (com apresenta\u00e7\u00e3o do original);<\/p>\n<p>k) 05 (cinco) fotos 3\u00d74 iguais e recentes;<\/p>\n<p>l) C\u00f3pia do CPF e RG dos respons\u00e1veis pelos menores de 18 (dezoito anos) (com apresenta\u00e7\u00e3o do original).<\/p>\n<p>&nbsp;<\/p>\n<p><strong>Fonte:<\/strong> Departamento de Desenvolvimento Educacional<\/p>\n<p>&nbsp;<\/p>\n<p>&nbsp;<\/p>\n<p>&nbsp;<\/p>\n<p>&nbsp;<\/p>\n","protected":false},"excerpt":{"rendered":"<p>&nbsp; &nbsp; Matr\u00edculas ser\u00e3o realizadas entre 02 e 05 de setembro. Hor\u00e1rios: 8:00 as 11:00; 14:00 as 17:00; 19:00 as 22:00<\/p>\n","protected":false},"author":41,"featured_media":0,"comment_status":"open","ping_status":"open","sticky":false,"template":"","format":"standard","meta":[],"categories":[1],"tags":[],"_links":{"self":[{"href":"https:\/\/www.ifbaiano.edu.br\/unidades\/lapa\/wp-json\/wp\/v2\/posts\/1365"}],"collection":[{"href":"https:\/\/www.ifbaiano.edu.br\/unidades\/lapa\/wp-json\/wp\/v2\/posts"}],"about":[{"href":"https:\/\/www.ifbaiano.edu.br\/unidades\/lapa\/wp-json\/wp\/v2\/types\/post"}],"author":[{"embeddable":true,"href":"https:\/\/www.ifbaiano.edu.br\/unidades\/lapa\/wp-json\/wp\/v2\/users\/41"}],"replies":[{"embeddable":true,"href":"https:\/\/www.ifbaiano.edu.br\/unidades\/lapa\/wp-json\/wp\/v2\/comments?post=1365"}],"version-history":[{"count":3,"href":"https:\/\/www.ifbaiano.edu.br\/unidades\/lapa\/wp-json\/wp\/v2\/posts\/1365\/revisions"}],"predecessor-version":[{"id":1368,"href":"https:\/\/www.ifbaiano.edu.br\/unidades\/lapa\/wp-json\/wp\/v2\/posts\/1365\/revisions\/1368"}],"wp:attachment":[{"href":"https:\/\/www.ifbaiano.edu.br\/unidades\/lapa\/wp-json\/wp\/v2\/media?parent=1365"}],"wp:term":[{"taxonomy":"category","embeddable":true,"href":"https:\/\/www.ifbaiano.edu.br\/unidades\/lapa\/wp-json\/wp\/v2\/categories?post=1365"},{"taxonomy":"post_tag","embeddable":true,"href":"https:\/\/www.ifbaiano.edu.br\/unidades\/lapa\/wp-json\/wp\/v2\/tags?post=1365"}],"curies":[{"name":"wp","href":"https:\/\/api.w.org\/{rel}","templated":true}]}}