{"id":13653,"date":"2019-08-05T13:48:17","date_gmt":"2019-08-05T16:48:17","guid":{"rendered":"http:\/\/www.ifbaiano.edu.br\/unidades\/lapa\/?p=13653"},"modified":"2019-08-05T13:48:17","modified_gmt":"2019-08-05T16:48:17","slug":"resultado-preliminar-do-processo-seletivo-para-cursos-fic-edital-85-2019","status":"publish","type":"post","link":"https:\/\/www.ifbaiano.edu.br\/unidades\/lapa\/2019\/08\/05\/resultado-preliminar-do-processo-seletivo-para-cursos-fic-edital-85-2019\/","title":{"rendered":"Resultado Preliminar do Processo Seletivo para cursos FIC, Edital 85\/2019"},"content":{"rendered":"\n<p style=\"text-align:justify\"> A comiss\u00e3o local do processo seletivo para cursos FIC 2019.2, designada pela Portaria 44 de 04 de julho  de 2019, torna p\u00fablico o resultado preliminar. Conforme Nota Informativa  01\/2019, poder\u00e3o ser interpostos recursos ao referido resultado at\u00e9 o  dia 07\/08\/2019,\u00a0 mediante o preenchimento do formul\u00e1rio constante no ANEXO II do edital, que deve ser enviado para o e-mail: extensao@lapa.ifbaiano.edu.br. <\/p><p style=\"text-align:justify\"><strong>ACESSEM O RESULTADO POR CURSO:<\/strong><br>Canto Coral (<a rel=\"noreferrer noopener\" aria-label=\"ACESSEM AQUI (abre numa nova aba, arquivo formato pdf, tamanho 33 KB)\" href=\"http:\/\/www.ifbaiano.edu.br\/unidades\/lapa\/files\/2019\/08\/RESULTADO-PRELIMINAR-CANTO-CORAL.pdf\" target=\"_blank\">ACESSEM AQUI<\/a>)<br>Te\u00f3rico-Pr\u00e1tico de Licita\u00e7\u00f5es &#8211; turma 12 a 15 de agosto de 2019 \u00a0(<a rel=\"noreferrer noopener\" aria-label=\"ACESSEM AQUI (abre numa nova aba, arquivo formato pdf, tamanho 53 KB)\" href=\"http:\/\/www.ifbaiano.edu.br\/unidades\/lapa\/files\/2019\/08\/RESULTADO-PRELIMINAR-TE%C3%93RICO-PR%C3%81TICO-DE-LICITA%C3%87%C3%95ES-12-A-15-DE-AGOSTO.pdf\" target=\"_blank\">ACESSEM AQUI<\/a>)<br>Te\u00f3rico-Pr\u00e1tico de Licita\u00e7\u00f5es &#8211; turma 16 e 17 de agosto de 2019\u00a0 \u00a0(<a rel=\"noreferrer noopener\" aria-label=\"ACESSEM AQUI (abre numa nova aba, arquivo formato pdf, tamanho 52 KB)\" href=\"http:\/\/www.ifbaiano.edu.br\/unidades\/lapa\/files\/2019\/08\/RESULTADO-PRELIMINAR-TE%C3%93RICO-PR%C3%81TICO-DE-LICITA%C3%87%C3%95ES-16-E-17-DE-AGOSTO.pdf\" target=\"_blank\">ACESSEM AQUI<\/a>)<br> Projeto de Redes de Computadores Residenciais\u00a0 \u00a0(<a rel=\"noreferrer noopener\" aria-label=\"ACESSEM AQUI (abre numa nova aba, arquivo formato pdf, tamanho 53 KB)\" href=\"http:\/\/www.ifbaiano.edu.br\/unidades\/lapa\/files\/2019\/08\/RESULTADO-PRELIMINAR-PROJETO-DE-REDES-DE-COMPUTADORES-RESIDENCIAIS.pdf\" target=\"_blank\">ACESSEM AQUI<\/a>)<br>  Pr\u00e1tica de Conjunto instrumental e forma\u00e7\u00e3o musical\u00a0(<a rel=\"noreferrer noopener\" aria-label=\"ACESSEM AQUI (abre numa nova aba, arquivo formato pdf, tamanho 77 KB)\" href=\"http:\/\/www.ifbaiano.edu.br\/unidades\/lapa\/files\/2019\/08\/RESULTADO-PRELIMINAR-PR%C3%81TICA-DE-CONJUNTO-INSTRUMENTAL.pdf\" target=\"_blank\">ACESSEM AQUI<\/a>)<br>Flauta Doce\u00a0(<a rel=\"noreferrer noopener\" aria-label=\"ACESSEM AQUI (abre numa nova aba)\" href=\"http:\/\/www.ifbaiano.edu.br\/unidades\/lapa\/files\/2019\/08\/RESULTADO-PRELIMINAR-FLAUTA-DOCE.pdf\" target=\"_blank\">ACESSEM AQUI<\/a>)<\/p><p style=\"text-align:justify\"><strong>Nota sobre o in\u00edcio das aulas:<\/strong>\n\n\n\n<li><strong>Canto Coral<\/strong> &#8211; 05 de setembro &#8211; 12:30 h (meio dia e meia)<\/li>\n\n\n\n<li><strong>Pr\u00e1tica de Conjunto Instrumental<\/strong> &#8211; 06 de setembro &#8211; 08:00 h<\/li>\n\n\n\n<li><strong>Projeto de Redes de Computadores Residenciais<\/strong> &#8211; 21 de agosto &#8211; 19:15 h<\/li>\n\n\n\n<li><strong>Te\u00f3rico-Pr\u00e1tico de Licita\u00e7\u00f5es<\/strong> &#8211; turma 12 a 15 de agosto de 2019- 19 h<\/li>\n<li><strong>Te\u00f3rico-Pr\u00e1tico de Licita\u00e7\u00f5es<\/strong> &#8211; turma 16 e 17 de agosto de 2019 &#8211; 08:00 h<\/li>\n\n\n\n<li><strong>Flauta Doce<\/strong>: curso com oferta cancelada, em raz\u00e3o de n\u00e3o ter havido inscritos<\/li><\/p>\n\n\n\n<p style=\"text-align:justify\"><strong>Observa\u00e7\u00e3o<\/strong>:&nbsp;Caso os selecionados desistam das vagas, solicitamos formalizar atrav\u00e9s do e-mail&nbsp; extensao@lapa.ifbaiano.edu.br, a fim de viabilizar a vaga para os candidatos em lista de espera.<\/p>\n","protected":false},"excerpt":{"rendered":"<p>A comiss\u00e3o local do processo seletivo para cursos FIC 2019.2, designada pela Portaria 44 de 04 de julho de 2019, torna p\u00fablico o resultado preliminar. Conforme Nota Informativa 01\/2019, poder\u00e3o ser interpostos recursos ao referido resultado at\u00e9 o dia 07\/08\/2019,\u00a0 mediante o preenchimento do formul\u00e1rio constante no ANEXO II do edital, que deve ser enviado [&hellip;]<\/p>\n","protected":false},"author":100,"featured_media":0,"comment_status":"open","ping_status":"open","sticky":false,"template":"","format":"standard","meta":[],"categories":[34,64,24,40,73,65],"tags":[],"_links":{"self":[{"href":"https:\/\/www.ifbaiano.edu.br\/unidades\/lapa\/wp-json\/wp\/v2\/posts\/13653"}],"collection":[{"href":"https:\/\/www.ifbaiano.edu.br\/unidades\/lapa\/wp-json\/wp\/v2\/posts"}],"about":[{"href":"https:\/\/www.ifbaiano.edu.br\/unidades\/lapa\/wp-json\/wp\/v2\/types\/post"}],"author":[{"embeddable":true,"href":"https:\/\/www.ifbaiano.edu.br\/unidades\/lapa\/wp-json\/wp\/v2\/users\/100"}],"replies":[{"embeddable":true,"href":"https:\/\/www.ifbaiano.edu.br\/unidades\/lapa\/wp-json\/wp\/v2\/comments?post=13653"}],"version-history":[{"count":13,"href":"https:\/\/www.ifbaiano.edu.br\/unidades\/lapa\/wp-json\/wp\/v2\/posts\/13653\/revisions"}],"predecessor-version":[{"id":13666,"href":"https:\/\/www.ifbaiano.edu.br\/unidades\/lapa\/wp-json\/wp\/v2\/posts\/13653\/revisions\/13666"}],"wp:attachment":[{"href":"https:\/\/www.ifbaiano.edu.br\/unidades\/lapa\/wp-json\/wp\/v2\/media?parent=13653"}],"wp:term":[{"taxonomy":"category","embeddable":true,"href":"https:\/\/www.ifbaiano.edu.br\/unidades\/lapa\/wp-json\/wp\/v2\/categories?post=13653"},{"taxonomy":"post_tag","embeddable":true,"href":"https:\/\/www.ifbaiano.edu.br\/unidades\/lapa\/wp-json\/wp\/v2\/tags?post=13653"}],"curies":[{"name":"wp","href":"https:\/\/api.w.org\/{rel}","templated":true}]}}